{"id":2946,"date":"2024-03-30T10:13:44","date_gmt":"2024-03-30T10:13:44","guid":{"rendered":"https:\/\/www.thepilule.com\/?p=2946"},"modified":"2024-03-30T10:20:03","modified_gmt":"2024-03-30T10:20:03","slug":"the-peripheral-france-a-new-perspective-on-the-social-divide","status":"publish","type":"post","link":"https:\/\/www.thepilule.com\/en\/the-peripheral-france-a-new-perspective-on-the-social-divide\/","title":{"rendered":"The Peripheral France: A New Perspective on the Social Divide"},"content":{"rendered":"<p>In the contemporary debate on the social and economic structure of France, a frequently repeated view depicts the inhabitants of the suburbs as marginalized victims in a society marked by racism and injustice. However, the 2014 publication of <em><strong>&#8220;The Peripheral France&#8221;<\/strong><\/em> by Christophe Guilluy fundamentally questioned this perspective, offering an analysis that significantly diverges from the dominant narrative.<\/p>\n<div id=\"ez-toc-container\" class=\"ez-toc-v2_0_82_2 counter-hierarchy ez-toc-counter ez-toc-transparent ez-toc-container-direction\">\n<div class=\"ez-toc-title-container\">\n<p class=\"ez-toc-title\" style=\"cursor:inherit\">Table of Contents<\/p>\n<span class=\"ez-toc-title-toggle\"><a href=\"#\" class=\"ez-toc-pull-right ez-toc-btn ez-toc-btn-xs ez-toc-btn-default ez-toc-toggle\" aria-label=\"Toggle Table of Content\"><span class=\"ez-toc-js-icon-con\"><span class=\"\"><span class=\"eztoc-hide\" style=\"display:none;\">Toggle<\/span><span class=\"ez-toc-icon-toggle-span\"><svg style=\"fill: #dd3333;color:#dd3333\" xmlns=\"http:\/\/www.w3.org\/2000\/svg\" class=\"list-377408\" width=\"20px\" height=\"20px\" viewBox=\"0 0 24 24\" fill=\"none\"><path d=\"M6 6H4v2h2V6zm14 0H8v2h12V6zM4 11h2v2H4v-2zm16 0H8v2h12v-2zM4 16h2v2H4v-2zm16 0H8v2h12v-2z\" fill=\"currentColor\"><\/path><\/svg><svg style=\"fill: #dd3333;color:#dd3333\" class=\"arrow-unsorted-368013\" xmlns=\"http:\/\/www.w3.org\/2000\/svg\" width=\"10px\" height=\"10px\" viewBox=\"0 0 24 24\" version=\"1.2\" baseProfile=\"tiny\"><path d=\"M18.2 9.3l-6.2-6.3-6.2 6.3c-.2.2-.3.4-.3.7s.1.5.3.7c.2.2.4.3.7.3h11c.3 0 .5-.1.7-.3.2-.2.3-.5.3-.7s-.1-.5-.3-.7zM5.8 14.7l6.2 6.3 6.2-6.3c.2-.2.3-.5.3-.7s-.1-.5-.3-.7c-.2-.2-.4-.3-.7-.3h-11c-.3 0-.5.1-.7.3-.2.2-.3.5-.3.7s.1.5.3.7z\"\/><\/svg><\/span><\/span><\/span><\/a><\/span><\/div>\n<nav><ul class='ez-toc-list ez-toc-list-level-1 eztoc-toggle-hide-by-default' ><li class='ez-toc-page-1 ez-toc-heading-level-3'><a class=\"ez-toc-link ez-toc-heading-1\" href=\"https:\/\/www.thepilule.com\/en\/the-peripheral-france-a-new-perspective-on-the-social-divide\/#The_Influence_of_Geography_on_Social_Dynamics\" >The Influence of Geography on Social Dynamics<\/a><\/li><li class='ez-toc-page-1 ez-toc-heading-level-3'><a class=\"ez-toc-link ez-toc-heading-2\" href=\"https:\/\/www.thepilule.com\/en\/the-peripheral-france-a-new-perspective-on-the-social-divide\/#A_Forgotten_Peripheral_France\" >A Forgotten Peripheral France<\/a><\/li><li class='ez-toc-page-1 ez-toc-heading-level-3'><a class=\"ez-toc-link ez-toc-heading-3\" href=\"https:\/\/www.thepilule.com\/en\/the-peripheral-france-a-new-perspective-on-the-social-divide\/#Deconstructing_the_Myth_of_Positive_Discrimination\" >Deconstructing the Myth of Positive Discrimination<\/a><\/li><li class='ez-toc-page-1 ez-toc-heading-level-3'><a class=\"ez-toc-link ez-toc-heading-4\" href=\"https:\/\/www.thepilule.com\/en\/the-peripheral-france-a-new-perspective-on-the-social-divide\/#Towards_a_Redefinition_of_Political_and_Social_Priorities\" >Towards a Redefinition of Political and Social Priorities<\/a><\/li><li class='ez-toc-page-1 ez-toc-heading-level-3'><a class=\"ez-toc-link ez-toc-heading-5\" href=\"https:\/\/www.thepilule.com\/en\/the-peripheral-france-a-new-perspective-on-the-social-divide\/#An_Invitation_to_Rethink_National_Solidarity\" >An Invitation to Rethink National Solidarity<\/a><\/li><\/ul><\/nav><\/div>\n<h3><span class=\"ez-toc-section\" id=\"The_Influence_of_Geography_on_Social_Dynamics\"><\/span><strong>The Influence of Geography on Social Dynamics<\/strong><span class=\"ez-toc-section-end\"><\/span><\/h3>\n<p>Guilluy, a geographer rather than a political activist, brings a novel insight by focusing on the geographical aspect of socio-economic disparities. His work highlights the contrast between metropolitan areas integrated into the global economy and peripheral regions experiencing increasing marginalization. The analysis reveals that metropolitan residents, including those from the suburbs, enjoy privileged access to job zones and receive sustained media and political attention, contrary to the stereotypical image often conveyed.<\/p>\n<h3><span class=\"ez-toc-section\" id=\"A_Forgotten_Peripheral_France\"><\/span><strong>A Forgotten Peripheral France<\/strong><span class=\"ez-toc-section-end\"><\/span><\/h3>\n<p>In contrast, &#8220;Peripheral France,&#8221; which encompasses 90% of the municipalities and 61% of the population, suffers from exacerbated economic and social isolation. Residents of these areas, often distant from urban centers, face increased precarity, with little state support and difficulty accessing employment. Guilluy argues that Peripheral France has been the true source of recent social movements, such as the Yellow Vests protests, illustrating a deep unease with globalization and its effects.<\/p>\n<h3><span class=\"ez-toc-section\" id=\"Deconstructing_the_Myth_of_Positive_Discrimination\"><\/span><strong>Deconstructing the Myth of Positive Discrimination<\/strong><span class=\"ez-toc-section-end\"><\/span><\/h3>\n<p>A significant contribution of Guilluy&#8217;s work lies in his critique of the supposed efficacy of positive discrimination. He demonstrates that observed improvements in the employment of immigrant populations are not so much the result of inclusive policies as their geographical concentration in dynamically economic areas. This revelation raises questions about the real beneficiaries of integration policies and the effectiveness of current measures to address inequalities.<\/p>\n<h3><span class=\"ez-toc-section\" id=\"Towards_a_Redefinition_of_Political_and_Social_Priorities\"><\/span><strong>Towards a Redefinition of Political and Social Priorities<\/strong><span class=\"ez-toc-section-end\"><\/span><\/h3>\n<p>Guilluy&#8217;s analysis calls for an overhaul of public policies, emphasizing the need for a more balanced approach that takes into account the geographical specificities of France&#8217;s different regions. He advocates for a reevaluation of the criteria used to determine priority aid zones, suggesting that the difficulties faced by residents of Peripheral France should be at the heart of political and media concerns.<\/p>\n<blockquote><p><em><strong>To Read:<\/strong> <a href=\"https:\/\/www.thepilule.com\/en\/the-educational-crisis-in-france-a-deep-dive-into-the-decline-and-road-to-recovery\/\">The Educational Crisis in France: A Deep Dive into the Decline and Road to Recovery<\/a><\/em><\/p><\/blockquote>\n<h3><span class=\"ez-toc-section\" id=\"An_Invitation_to_Rethink_National_Solidarity\"><\/span><strong>An Invitation to Rethink National Solidarity<\/strong><span class=\"ez-toc-section-end\"><\/span><\/h3>\n<p>In conclusion, <em>&#8220;The Peripheral France&#8221;<\/em> by Christophe Guilluy challenges received ideas and invites deep reflection on how national solidarity is conceived and implemented. The book underscores the importance of adopting a more inclusive perspective that recognizes and addresses disparities not only between different social categories but also between the various regions of France. By placing geography at the heart of social analysis, Guilluy paves the way for a more nuanced understanding of the dynamics of marginalization and privilege in contemporary French society.<\/p>\n<p><script src=\"chrome-extension:\/\/ebeglcfoffnnadgncmppkkohfcigngkj\/js\/injected\/req.js\"><\/script><\/p>\n","protected":false},"excerpt":{"rendered":"<p>Christophe Guilluy&#8217;s work, &#8220;The Peripheral France,&#8221; challenges the traditional portrayal of social inequalities in France, which has been focused on the suburbs and ethnic minorities. Through a rigorous geographical approach, Guilluy reveals that the real socio-economic divide separates the globalized and economically vibrant metropolises from Peripheral France, which encompasses the majority of the population but is marked by increasing isolation and precarity. This gap underscores the urgency for a revision of public policies to recognize and address regional disparities. Guilluy&#8217;s analysis calls for a renewal of national solidarity, taking into account the geographical realities of all components of French society.<\/p>\n","protected":false},"author":1,"featured_media":2947,"comment_status":"open","ping_status":"open","sticky":false,"template":"","format":"standard","meta":{"_jetpack_memberships_contains_paid_content":false,"footnotes":""},"categories":[1805],"tags":[1870,1872,1868,1871,1869],"class_list":["post-2946","post","type-post","status-publish","format-standard","has-post-thumbnail","hentry","category-maudin-malin-en","tag-geography","tag-national-solidarity","tag-peripheral-france","tag-public-policies","tag-social-inequalities"],"yoast_head":"<!-- This site is optimized with the Yoast SEO Premium plugin v22.6 (Yoast SEO v27.5) - https:\/\/yoast.com\/product\/yoast-seo-premium-wordpress\/ -->\n<title>The Peripheral France: A New Perspective on the Social Divide - The Pilule<\/title>\n<meta name=\"description\" content=\"Christophe Guilluy&#039;s work, &quot;The Peripheral France,&quot; challenges the traditional portrayal of social inequalities in France, which has been focused on the suburbs and ethnic minorities. Through a rigorous geographical approach, Guilluy reveals that the real socio-economic divide separates the globalized and economically vibrant metropolises from Peripheral France, which encompasses the majority of the population but is marked by increasing isolation and precarity. This gap underscores the urgency for a revision of public policies to recognize and address regional disparities. Guilluy&#039;s analysis calls for a renewal of national solidarity, taking into account the geographical realities of all components of French society.\" \/>\n<meta name=\"robots\" content=\"index, follow, max-snippet:-1, max-image-preview:large, max-video-preview:-1\" \/>\n<link rel=\"canonical\" href=\"https:\/\/www.thepilule.com\/es\/?p=2956\" \/>\n<meta property=\"og:locale\" content=\"en_US\" \/>\n<meta property=\"og:type\" content=\"article\" \/>\n<meta property=\"og:title\" content=\"The Peripheral France: A New Perspective on the Social Divide\" \/>\n<meta property=\"og:description\" content=\"Christophe Guilluy&#039;s work, &quot;The Peripheral France,&quot; challenges the traditional portrayal of social inequalities in France, which has been focused on the suburbs and ethnic minorities. Through a rigorous geographical approach, Guilluy reveals that the real socio-economic divide separates the globalized and economically vibrant metropolises from Peripheral France, which encompasses the majority of the population but is marked by increasing isolation and precarity. This gap underscores the urgency for a revision of public policies to recognize and address regional disparities. Guilluy&#039;s analysis calls for a renewal of national solidarity, taking into account the geographical realities of all components of French society.\" \/>\n<meta property=\"og:url\" content=\"https:\/\/www.thepilule.com\/es\/?p=2956\" \/>\n<meta property=\"og:site_name\" content=\"The Pilule\" \/>\n<meta property=\"article:publisher\" content=\"https:\/\/www.facebook.com\/the.pilule\" \/>\n<meta property=\"article:author\" content=\"https:\/\/www.facebook.com\/the.pilule\" \/>\n<meta property=\"article:published_time\" content=\"2024-03-30T10:13:44+00:00\" \/>\n<meta property=\"article:modified_time\" content=\"2024-03-30T10:20:03+00:00\" \/>\n<meta property=\"og:image\" content=\"https:\/\/www.thepilule.com\/wp-content\/uploads\/2024\/03\/web-pavillons-1.jpg\" \/>\n\t<meta property=\"og:image:width\" content=\"947\" \/>\n\t<meta property=\"og:image:height\" content=\"596\" \/>\n\t<meta property=\"og:image:type\" content=\"image\/jpeg\" \/>\n<meta name=\"author\" content=\"Moderateur\" \/>\n<meta name=\"twitter:card\" content=\"summary_large_image\" \/>\n<meta name=\"twitter:description\" content=\"Christophe Guilluy&#039;s work, &quot;The Peripheral France,&quot; challenges the traditional portrayal of social inequalities in France, which has been focused on the suburbs and ethnic minorities. Through a rigorous geographical approach, Guilluy reveals that the real socio-economic divide separates the globalized and economically vibrant metropolises from Peripheral France, which encompasses the majority of the population but is marked by increasing isolation and precarity. This gap underscores the urgency for a revision of public policies to recognize and address regional disparities. Guilluy&#039;s analysis calls for a renewal of national solidarity, taking into account the geographical realities of all components of French society.\" \/>\n<meta name=\"twitter:creator\" content=\"@https:\/\/www.twitter.com\/thepilule\" \/>\n<meta name=\"twitter:site\" content=\"@thepilule\" \/>\n<meta name=\"twitter:label1\" content=\"Written by\" \/>\n\t<meta name=\"twitter:data1\" content=\"Moderateur&lt;span class=&quot;bp-verified-badge&quot;&gt;&lt;\/span&gt;\" \/>\n\t<meta name=\"twitter:label2\" content=\"Est. reading time\" \/>\n\t<meta name=\"twitter:data2\" content=\"3 minutes\" \/>\n<script type=\"application\/ld+json\" class=\"yoast-schema-graph\">{\"@context\":\"https:\\\/\\\/schema.org\",\"@graph\":[{\"@type\":\"Article\",\"@id\":\"https:\\\/\\\/www.thepilule.com\\\/es\\\/?p=2956#article\",\"isPartOf\":{\"@id\":\"https:\\\/\\\/www.thepilule.com\\\/es\\\/?p=2956\"},\"author\":{\"name\":\"Moderateur\",\"@id\":\"https:\\\/\\\/www.thepilule.com\\\/#\\\/schema\\\/person\\\/ce9f678c80e52c47616a1e87d45569c5\"},\"headline\":\"The Peripheral France: A New Perspective on the Social Divide\",\"datePublished\":\"2024-03-30T10:13:44+00:00\",\"dateModified\":\"2024-03-30T10:20:03+00:00\",\"mainEntityOfPage\":{\"@id\":\"https:\\\/\\\/www.thepilule.com\\\/es\\\/?p=2956\"},\"wordCount\":467,\"commentCount\":0,\"publisher\":{\"@id\":\"https:\\\/\\\/www.thepilule.com\\\/#organization\"},\"image\":{\"@id\":\"https:\\\/\\\/www.thepilule.com\\\/es\\\/?p=2956#primaryimage\"},\"thumbnailUrl\":\"https:\\\/\\\/www.thepilule.com\\\/wp-content\\\/uploads\\\/2024\\\/03\\\/web-pavillons-1.jpg\",\"keywords\":[\"Geography\",\"National Solidarity\",\"Peripheral France\",\"Public Policies\",\"Social Inequalities\"],\"articleSection\":[\"Maudin Malin\"],\"inLanguage\":\"en-US\",\"potentialAction\":[{\"@type\":\"CommentAction\",\"name\":\"Comment\",\"target\":[\"https:\\\/\\\/www.thepilule.com\\\/es\\\/?p=2956#respond\"]}]},{\"@type\":\"WebPage\",\"@id\":\"https:\\\/\\\/www.thepilule.com\\\/es\\\/?p=2956\",\"url\":\"https:\\\/\\\/www.thepilule.com\\\/es\\\/?p=2956\",\"name\":\"The Peripheral France: A New Perspective on the Social Divide - The Pilule\",\"isPartOf\":{\"@id\":\"https:\\\/\\\/www.thepilule.com\\\/#website\"},\"primaryImageOfPage\":{\"@id\":\"https:\\\/\\\/www.thepilule.com\\\/es\\\/?p=2956#primaryimage\"},\"image\":{\"@id\":\"https:\\\/\\\/www.thepilule.com\\\/es\\\/?p=2956#primaryimage\"},\"thumbnailUrl\":\"https:\\\/\\\/www.thepilule.com\\\/wp-content\\\/uploads\\\/2024\\\/03\\\/web-pavillons-1.jpg\",\"datePublished\":\"2024-03-30T10:13:44+00:00\",\"dateModified\":\"2024-03-30T10:20:03+00:00\",\"description\":\"Christophe Guilluy's work, \\\"The Peripheral France,\\\" challenges the traditional portrayal of social inequalities in France, which has been focused on the suburbs and ethnic minorities. Through a rigorous geographical approach, Guilluy reveals that the real socio-economic divide separates the globalized and economically vibrant metropolises from Peripheral France, which encompasses the majority of the population but is marked by increasing isolation and precarity. This gap underscores the urgency for a revision of public policies to recognize and address regional disparities. Guilluy's analysis calls for a renewal of national solidarity, taking into account the geographical realities of all components of French society.\",\"breadcrumb\":{\"@id\":\"https:\\\/\\\/www.thepilule.com\\\/es\\\/?p=2956#breadcrumb\"},\"inLanguage\":\"en-US\",\"potentialAction\":[{\"@type\":\"ReadAction\",\"target\":[\"https:\\\/\\\/www.thepilule.com\\\/es\\\/?p=2956\"]}]},{\"@type\":\"ImageObject\",\"inLanguage\":\"en-US\",\"@id\":\"https:\\\/\\\/www.thepilule.com\\\/es\\\/?p=2956#primaryimage\",\"url\":\"https:\\\/\\\/www.thepilule.com\\\/wp-content\\\/uploads\\\/2024\\\/03\\\/web-pavillons-1.jpg\",\"contentUrl\":\"https:\\\/\\\/www.thepilule.com\\\/wp-content\\\/uploads\\\/2024\\\/03\\\/web-pavillons-1.jpg\",\"width\":947,\"height\":596},{\"@type\":\"BreadcrumbList\",\"@id\":\"https:\\\/\\\/www.thepilule.com\\\/es\\\/?p=2956#breadcrumb\",\"itemListElement\":[{\"@type\":\"ListItem\",\"position\":1,\"name\":\"Home\",\"item\":\"https:\\\/\\\/www.thepilule.com\\\/en\\\/\"},{\"@type\":\"ListItem\",\"position\":2,\"name\":\"The Peripheral France: A New Perspective on the Social Divide\"}]},{\"@type\":\"WebSite\",\"@id\":\"https:\\\/\\\/www.thepilule.com\\\/#website\",\"url\":\"https:\\\/\\\/www.thepilule.com\\\/\",\"name\":\"The Pilule\",\"description\":\"Votre pilule rouge de conscience\",\"publisher\":{\"@id\":\"https:\\\/\\\/www.thepilule.com\\\/#organization\"},\"potentialAction\":[{\"@type\":\"SearchAction\",\"target\":{\"@type\":\"EntryPoint\",\"urlTemplate\":\"https:\\\/\\\/www.thepilule.com\\\/?s={search_term_string}\"},\"query-input\":{\"@type\":\"PropertyValueSpecification\",\"valueRequired\":true,\"valueName\":\"search_term_string\"}}],\"inLanguage\":\"en-US\"},{\"@type\":\"Organization\",\"@id\":\"https:\\\/\\\/www.thepilule.com\\\/#organization\",\"name\":\"The Pilule\",\"url\":\"https:\\\/\\\/www.thepilule.com\\\/\",\"logo\":{\"@type\":\"ImageObject\",\"inLanguage\":\"en-US\",\"@id\":\"https:\\\/\\\/www.thepilule.com\\\/#\\\/schema\\\/logo\\\/image\\\/\",\"url\":\"https:\\\/\\\/www.thepilule.com\\\/wp-content\\\/uploads\\\/2024\\\/01\\\/Flavicon-thepilule.png\",\"contentUrl\":\"https:\\\/\\\/www.thepilule.com\\\/wp-content\\\/uploads\\\/2024\\\/01\\\/Flavicon-thepilule.png\",\"width\":500,\"height\":500,\"caption\":\"The Pilule\"},\"image\":{\"@id\":\"https:\\\/\\\/www.thepilule.com\\\/#\\\/schema\\\/logo\\\/image\\\/\"},\"sameAs\":[\"https:\\\/\\\/www.facebook.com\\\/the.pilule\",\"https:\\\/\\\/x.com\\\/thepilule\",\"https:\\\/\\\/tiktok.com\\\/@the.pilule\",\"https:\\\/\\\/www.youtube.com\\\/@the.pilule\",\"https:\\\/\\\/www.instagram.com\\\/the.pilule\"],\"publishingPrinciples\":\"https:\\\/\\\/www.thepilule.com\\\/\"},{\"@type\":\"Person\",\"@id\":\"https:\\\/\\\/www.thepilule.com\\\/#\\\/schema\\\/person\\\/ce9f678c80e52c47616a1e87d45569c5\",\"name\":\"Moderateur\",\"image\":{\"@type\":\"ImageObject\",\"inLanguage\":\"en-US\",\"@id\":\"\\\/\\\/www.gravatar.com\\\/avatar\\\/882773b6eb71e31b59fc708b3ca22962?s=96&#038;r=g&#038;d=mm\",\"url\":\"\\\/\\\/www.gravatar.com\\\/avatar\\\/882773b6eb71e31b59fc708b3ca22962?s=96&#038;r=g&#038;d=mm\",\"contentUrl\":\"\\\/\\\/www.gravatar.com\\\/avatar\\\/882773b6eb71e31b59fc708b3ca22962?s=96&#038;r=g&#038;d=mm\",\"caption\":\"Moderateur\"},\"description\":\"Bienvenue | Welcome | Bienvenido | \u0645\u0631\u062d\u0628\u064b\u0627 \ud83c\uddeb\ud83c\uddf7 D\u00e9couvrez la philosophie, le sto\u00efcisme et le d\u00e9veloppement personnel. Joignez-vous \u00e0 moi pour explorer la vie, la vertu et le potentiel humain. \ud83c\uddec\ud83c\udde7 Discover philosophy, stoicism, and personal development. Join me to explore life, virtue, and human potential. \ud83c\uddea\ud83c\uddf8 Descubre la filosof\u00eda, el estoicismo y el desarrollo personal. \u00danete a m\u00ed para explorar la vida, la virtud y el potencial humano. \ud83c\udde6\ud83c\uddea \u0627\u0643\u062a\u0634\u0641 \u0627\u0644\u0641\u0644\u0633\u0641\u0629 \u0648\u0627\u0644\u0627\u0633\u062a\u0648\u0627\u0626\u064a\u0629 \u0648\u0627\u0644\u062a\u0637\u0648\u064a\u0631 \u0627\u0644\u0634\u062e\u0635\u064a. \u0627\u0646\u0636\u0645 \u0625\u0644\u064a\u0651 \u0644\u0627\u0633\u062a\u0643\u0634\u0627\u0641 \u0627\u0644\u062d\u064a\u0627\u0629\u060c \u0648\u0627\u0644\u0641\u0636\u064a\u0644\u0629\u060c \u0648\u0627\u0644\u0625\u0645\u0643\u0627\u0646\u064a\u0627\u062a \u0627\u0644\u0628\u0634\u0631\u064a\u0629.\",\"sameAs\":[\"https:\\\/\\\/www.thepilule.com\",\"https:\\\/\\\/www.facebook.com\\\/the.pilule\",\"https:\\\/\\\/www.instagram.com\\\/the.pilule\",\"https:\\\/\\\/linkedin.com\\\/company\\\/thepilule\",\"https:\\\/\\\/www.pinterest.fr\\\/thepilule\",\"https:\\\/\\\/x.com\\\/https:\\\/\\\/www.twitter.com\\\/thepilule\",\"https:\\\/\\\/www.youtube.com\\\/@the.pilule\"],\"honorificPrefix\":\"Le\",\"honorificSuffix\":\"Philo\",\"gender\":\"homme\",\"award\":[\"Po\u00e9sie\",\"Litt\u00e9rature\"],\"knowsLanguage\":[\"Fran\u00e7ais\",\"Anglais\",\"Arabe\",\"Espagnol\"],\"jobTitle\":\"Po\u00e9tique\",\"worksFor\":\"The Pilule\",\"url\":\"https:\\\/\\\/www.thepilule.com\\\/en\\\/author\\\/moderateur\\\/\"}]}<\/script>\n<!-- \/ Yoast SEO Premium plugin. -->","yoast_head_json":{"title":"The Peripheral France: A New Perspective on the Social Divide - The Pilule","description":"Christophe Guilluy's work, \"The Peripheral France,\" challenges the traditional portrayal of social inequalities in France, which has been focused on the suburbs and ethnic minorities. Through a rigorous geographical approach, Guilluy reveals that the real socio-economic divide separates the globalized and economically vibrant metropolises from Peripheral France, which encompasses the majority of the population but is marked by increasing isolation and precarity. This gap underscores the urgency for a revision of public policies to recognize and address regional disparities. Guilluy's analysis calls for a renewal of national solidarity, taking into account the geographical realities of all components of French society.","robots":{"index":"index","follow":"follow","max-snippet":"max-snippet:-1","max-image-preview":"max-image-preview:large","max-video-preview":"max-video-preview:-1"},"canonical":"https:\/\/www.thepilule.com\/es\/?p=2956","og_locale":"en_US","og_type":"article","og_title":"The Peripheral France: A New Perspective on the Social Divide","og_description":"Christophe Guilluy's work, \"The Peripheral France,\" challenges the traditional portrayal of social inequalities in France, which has been focused on the suburbs and ethnic minorities. Through a rigorous geographical approach, Guilluy reveals that the real socio-economic divide separates the globalized and economically vibrant metropolises from Peripheral France, which encompasses the majority of the population but is marked by increasing isolation and precarity. This gap underscores the urgency for a revision of public policies to recognize and address regional disparities. Guilluy's analysis calls for a renewal of national solidarity, taking into account the geographical realities of all components of French society.","og_url":"https:\/\/www.thepilule.com\/es\/?p=2956","og_site_name":"The Pilule","article_publisher":"https:\/\/www.facebook.com\/the.pilule","article_author":"https:\/\/www.facebook.com\/the.pilule","article_published_time":"2024-03-30T10:13:44+00:00","article_modified_time":"2024-03-30T10:20:03+00:00","og_image":[{"width":947,"height":596,"url":"https:\/\/www.thepilule.com\/wp-content\/uploads\/2024\/03\/web-pavillons-1.jpg","type":"image\/jpeg"}],"author":"Moderateur","twitter_card":"summary_large_image","twitter_description":"Christophe Guilluy's work, \"The Peripheral France,\" challenges the traditional portrayal of social inequalities in France, which has been focused on the suburbs and ethnic minorities. Through a rigorous geographical approach, Guilluy reveals that the real socio-economic divide separates the globalized and economically vibrant metropolises from Peripheral France, which encompasses the majority of the population but is marked by increasing isolation and precarity. This gap underscores the urgency for a revision of public policies to recognize and address regional disparities. Guilluy's analysis calls for a renewal of national solidarity, taking into account the geographical realities of all components of French society.","twitter_creator":"@https:\/\/www.twitter.com\/thepilule","twitter_site":"@thepilule","twitter_misc":{"Written by":"Moderateur<span class=\"bp-verified-badge\"><\/span>","Est. reading time":"3 minutes"},"schema":{"@context":"https:\/\/schema.org","@graph":[{"@type":"Article","@id":"https:\/\/www.thepilule.com\/es\/?p=2956#article","isPartOf":{"@id":"https:\/\/www.thepilule.com\/es\/?p=2956"},"author":{"name":"Moderateur","@id":"https:\/\/www.thepilule.com\/#\/schema\/person\/ce9f678c80e52c47616a1e87d45569c5"},"headline":"The Peripheral France: A New Perspective on the Social Divide","datePublished":"2024-03-30T10:13:44+00:00","dateModified":"2024-03-30T10:20:03+00:00","mainEntityOfPage":{"@id":"https:\/\/www.thepilule.com\/es\/?p=2956"},"wordCount":467,"commentCount":0,"publisher":{"@id":"https:\/\/www.thepilule.com\/#organization"},"image":{"@id":"https:\/\/www.thepilule.com\/es\/?p=2956#primaryimage"},"thumbnailUrl":"https:\/\/www.thepilule.com\/wp-content\/uploads\/2024\/03\/web-pavillons-1.jpg","keywords":["Geography","National Solidarity","Peripheral France","Public Policies","Social Inequalities"],"articleSection":["Maudin Malin"],"inLanguage":"en-US","potentialAction":[{"@type":"CommentAction","name":"Comment","target":["https:\/\/www.thepilule.com\/es\/?p=2956#respond"]}]},{"@type":"WebPage","@id":"https:\/\/www.thepilule.com\/es\/?p=2956","url":"https:\/\/www.thepilule.com\/es\/?p=2956","name":"The Peripheral France: A New Perspective on the Social Divide - The Pilule","isPartOf":{"@id":"https:\/\/www.thepilule.com\/#website"},"primaryImageOfPage":{"@id":"https:\/\/www.thepilule.com\/es\/?p=2956#primaryimage"},"image":{"@id":"https:\/\/www.thepilule.com\/es\/?p=2956#primaryimage"},"thumbnailUrl":"https:\/\/www.thepilule.com\/wp-content\/uploads\/2024\/03\/web-pavillons-1.jpg","datePublished":"2024-03-30T10:13:44+00:00","dateModified":"2024-03-30T10:20:03+00:00","description":"Christophe Guilluy's work, \"The Peripheral France,\" challenges the traditional portrayal of social inequalities in France, which has been focused on the suburbs and ethnic minorities. Through a rigorous geographical approach, Guilluy reveals that the real socio-economic divide separates the globalized and economically vibrant metropolises from Peripheral France, which encompasses the majority of the population but is marked by increasing isolation and precarity. This gap underscores the urgency for a revision of public policies to recognize and address regional disparities. Guilluy's analysis calls for a renewal of national solidarity, taking into account the geographical realities of all components of French society.","breadcrumb":{"@id":"https:\/\/www.thepilule.com\/es\/?p=2956#breadcrumb"},"inLanguage":"en-US","potentialAction":[{"@type":"ReadAction","target":["https:\/\/www.thepilule.com\/es\/?p=2956"]}]},{"@type":"ImageObject","inLanguage":"en-US","@id":"https:\/\/www.thepilule.com\/es\/?p=2956#primaryimage","url":"https:\/\/www.thepilule.com\/wp-content\/uploads\/2024\/03\/web-pavillons-1.jpg","contentUrl":"https:\/\/www.thepilule.com\/wp-content\/uploads\/2024\/03\/web-pavillons-1.jpg","width":947,"height":596},{"@type":"BreadcrumbList","@id":"https:\/\/www.thepilule.com\/es\/?p=2956#breadcrumb","itemListElement":[{"@type":"ListItem","position":1,"name":"Home","item":"https:\/\/www.thepilule.com\/en\/"},{"@type":"ListItem","position":2,"name":"The Peripheral France: A New Perspective on the Social Divide"}]},{"@type":"WebSite","@id":"https:\/\/www.thepilule.com\/#website","url":"https:\/\/www.thepilule.com\/","name":"The Pilule","description":"Votre pilule rouge de conscience","publisher":{"@id":"https:\/\/www.thepilule.com\/#organization"},"potentialAction":[{"@type":"SearchAction","target":{"@type":"EntryPoint","urlTemplate":"https:\/\/www.thepilule.com\/?s={search_term_string}"},"query-input":{"@type":"PropertyValueSpecification","valueRequired":true,"valueName":"search_term_string"}}],"inLanguage":"en-US"},{"@type":"Organization","@id":"https:\/\/www.thepilule.com\/#organization","name":"The Pilule","url":"https:\/\/www.thepilule.com\/","logo":{"@type":"ImageObject","inLanguage":"en-US","@id":"https:\/\/www.thepilule.com\/#\/schema\/logo\/image\/","url":"https:\/\/www.thepilule.com\/wp-content\/uploads\/2024\/01\/Flavicon-thepilule.png","contentUrl":"https:\/\/www.thepilule.com\/wp-content\/uploads\/2024\/01\/Flavicon-thepilule.png","width":500,"height":500,"caption":"The Pilule"},"image":{"@id":"https:\/\/www.thepilule.com\/#\/schema\/logo\/image\/"},"sameAs":["https:\/\/www.facebook.com\/the.pilule","https:\/\/x.com\/thepilule","https:\/\/tiktok.com\/@the.pilule","https:\/\/www.youtube.com\/@the.pilule","https:\/\/www.instagram.com\/the.pilule"],"publishingPrinciples":"https:\/\/www.thepilule.com\/"},{"@type":"Person","@id":"https:\/\/www.thepilule.com\/#\/schema\/person\/ce9f678c80e52c47616a1e87d45569c5","name":"Moderateur","image":{"@type":"ImageObject","inLanguage":"en-US","@id":"\/\/www.gravatar.com\/avatar\/882773b6eb71e31b59fc708b3ca22962?s=96&#038;r=g&#038;d=mm","url":"\/\/www.gravatar.com\/avatar\/882773b6eb71e31b59fc708b3ca22962?s=96&#038;r=g&#038;d=mm","contentUrl":"\/\/www.gravatar.com\/avatar\/882773b6eb71e31b59fc708b3ca22962?s=96&#038;r=g&#038;d=mm","caption":"Moderateur"},"description":"Bienvenue | Welcome | Bienvenido | \u0645\u0631\u062d\u0628\u064b\u0627 \ud83c\uddeb\ud83c\uddf7 D\u00e9couvrez la philosophie, le sto\u00efcisme et le d\u00e9veloppement personnel. Joignez-vous \u00e0 moi pour explorer la vie, la vertu et le potentiel humain. \ud83c\uddec\ud83c\udde7 Discover philosophy, stoicism, and personal development. Join me to explore life, virtue, and human potential. \ud83c\uddea\ud83c\uddf8 Descubre la filosof\u00eda, el estoicismo y el desarrollo personal. \u00danete a m\u00ed para explorar la vida, la virtud y el potencial humano. \ud83c\udde6\ud83c\uddea \u0627\u0643\u062a\u0634\u0641 \u0627\u0644\u0641\u0644\u0633\u0641\u0629 \u0648\u0627\u0644\u0627\u0633\u062a\u0648\u0627\u0626\u064a\u0629 \u0648\u0627\u0644\u062a\u0637\u0648\u064a\u0631 \u0627\u0644\u0634\u062e\u0635\u064a. \u0627\u0646\u0636\u0645 \u0625\u0644\u064a\u0651 \u0644\u0627\u0633\u062a\u0643\u0634\u0627\u0641 \u0627\u0644\u062d\u064a\u0627\u0629\u060c \u0648\u0627\u0644\u0641\u0636\u064a\u0644\u0629\u060c \u0648\u0627\u0644\u0625\u0645\u0643\u0627\u0646\u064a\u0627\u062a \u0627\u0644\u0628\u0634\u0631\u064a\u0629.","sameAs":["https:\/\/www.thepilule.com","https:\/\/www.facebook.com\/the.pilule","https:\/\/www.instagram.com\/the.pilule","https:\/\/linkedin.com\/company\/thepilule","https:\/\/www.pinterest.fr\/thepilule","https:\/\/x.com\/https:\/\/www.twitter.com\/thepilule","https:\/\/www.youtube.com\/@the.pilule"],"honorificPrefix":"Le","honorificSuffix":"Philo","gender":"homme","award":["Po\u00e9sie","Litt\u00e9rature"],"knowsLanguage":["Fran\u00e7ais","Anglais","Arabe","Espagnol"],"jobTitle":"Po\u00e9tique","worksFor":"The Pilule","url":"https:\/\/www.thepilule.com\/en\/author\/moderateur\/"}]}},"jetpack_featured_media_url":"https:\/\/www.thepilule.com\/wp-content\/uploads\/2024\/03\/web-pavillons-1.jpg","jetpack_sharing_enabled":true,"_links":{"self":[{"href":"https:\/\/www.thepilule.com\/en\/wp-json\/wp\/v2\/posts\/2946","targetHints":{"allow":["GET"]}}],"collection":[{"href":"https:\/\/www.thepilule.com\/en\/wp-json\/wp\/v2\/posts"}],"about":[{"href":"https:\/\/www.thepilule.com\/en\/wp-json\/wp\/v2\/types\/post"}],"author":[{"embeddable":true,"href":"https:\/\/www.thepilule.com\/en\/wp-json\/wp\/v2\/users\/1"}],"replies":[{"embeddable":true,"href":"https:\/\/www.thepilule.com\/en\/wp-json\/wp\/v2\/comments?post=2946"}],"version-history":[{"count":1,"href":"https:\/\/www.thepilule.com\/en\/wp-json\/wp\/v2\/posts\/2946\/revisions"}],"predecessor-version":[{"id":2955,"href":"https:\/\/www.thepilule.com\/en\/wp-json\/wp\/v2\/posts\/2946\/revisions\/2955"}],"wp:featuredmedia":[{"embeddable":true,"href":"https:\/\/www.thepilule.com\/en\/wp-json\/wp\/v2\/media\/2947"}],"wp:attachment":[{"href":"https:\/\/www.thepilule.com\/en\/wp-json\/wp\/v2\/media?parent=2946"}],"wp:term":[{"taxonomy":"category","embeddable":true,"href":"https:\/\/www.thepilule.com\/en\/wp-json\/wp\/v2\/categories?post=2946"},{"taxonomy":"post_tag","embeddable":true,"href":"https:\/\/www.thepilule.com\/en\/wp-json\/wp\/v2\/tags?post=2946"}],"curies":[{"name":"wp","href":"https:\/\/api.w.org\/{rel}","templated":true}]}}