{"id":2892,"date":"2024-03-20T08:39:46","date_gmt":"2024-03-20T08:39:46","guid":{"rendered":"https:\/\/www.thepilule.com\/?p=2892"},"modified":"2024-03-20T08:48:59","modified_gmt":"2024-03-20T08:48:59","slug":"la-crisis-educativa-en-francia-analisis-del-declive-y-caminos-para-la-recuperacion","status":"publish","type":"post","link":"https:\/\/www.thepilule.com\/es\/la-crisis-educativa-en-francia-analisis-del-declive-y-caminos-para-la-recuperacion\/","title":{"rendered":"La crisis educativa en Francia: An\u00e1lisis del declive y caminos para la recuperaci\u00f3n"},"content":{"rendered":"<p>El <strong>declive<\/strong> del <strong>est\u00e1ndar educativo<\/strong> en Francia es innegable. Hay un empobrecimiento notable del <strong>vocabulario<\/strong>, una ortograf\u00eda catastr\u00f3fica, y un conocimiento deficiente de la historia propia del pa\u00eds. La situaci\u00f3n ha llegado al punto de que Francia ha sido clasificada recientemente como la \u00faltima en Europa en matem\u00e1ticas, revelando que el nivel del bachillerato de hoy es comparable al de un estudiante de quinto grado de hace d\u00e9cadas.<\/p>\n<p>El libro <em><strong>\u00abLa F\u00e1brica de Creyentes\u00bb<\/strong><\/em> de Jean-Paul Brighelli sugiere que esta trayectoria descendente no es accidental sino un acto deliberado. La deconstrucci\u00f3n del <strong>sistema educativo franc\u00e9s<\/strong> ha sido influenciada por varios factores. Un problema significativo es la pol\u00edtica de colocar al <strong>estudiante en el centro<\/strong> del sistema educativo, lo que ha disminuido inadvertidamente la <strong>autoridad del profesor<\/strong>. Este relativismo pedag\u00f3gico ha equiparado la ignorancia con el conocimiento, socavando la esencia de la educaci\u00f3n.<\/p>\n<p>Adem\u00e1s, la <strong>escuela francesa<\/strong> ha bajado sus est\u00e1ndares, lo que ha llevado a una disminuci\u00f3n en el rendimiento de los estudiantes y un creciente desinter\u00e9s en la educaci\u00f3n. Incluso los <strong>est\u00e1ndares de contrataci\u00f3n para los profesores<\/strong> han disminuido, con contrataciones ahora realizadas sin las calificaciones requeridas. Brighelli critica las <strong>ZEP (Zonas de Educaci\u00f3n Prioritaria)<\/strong> como fracasos bienintencionados que inadvertidamente han creado guetos educativos.<\/p>\n<p>Para <strong>remediar<\/strong> la situaci\u00f3n, Brighelli aboga por un retorno a las metodolog\u00edas efectivas del pasado, destacando los \u00e9xitos anteriores del sistema escolar republicano franc\u00e9s en la promoci\u00f3n de la meritocracia. Argumenta contra el <strong>igualitarismo excesivo<\/strong> y el <strong>relativismo cultural<\/strong> que han debilitado los est\u00e1ndares educativos. Restaurar la disciplina y adoptar un enfoque pedag\u00f3gico m\u00e1s tradicional y riguroso son pasos esenciales para recuperarse de esta crisis educativa.<\/p>\n<blockquote><p><em><strong>Leer:<\/strong>\u00a0<a href=\"https:\/\/www.thepilule.com\/es\/17-habitos-para-una-vida-mas-plena-y-productiva\/\">17 H\u00e1bitos para una Vida m\u00e1s Plena y Productiva<\/a><\/em><\/p><\/blockquote>\n<p>En resumen, abordar la crisis educativa en Francia requiere reconocer y abordar los problemas sist\u00e9micos. Un esfuerzo concertado para reevaluar las estrategias pedag\u00f3gicas, reforzar la importancia del conocimiento y la disciplina, y comprometerse con la excelencia educativa es vital para el equilibrio y el progreso de la sociedad.<\/p>\n<p><script src=\"chrome-extension:\/\/ebeglcfoffnnadgncmppkkohfcigngkj\/js\/injected\/req.js\"><\/script><\/p>\n","protected":false},"excerpt":{"rendered":"<p>Este art\u00edculo aborda la preocupante deterioraci\u00f3n del sistema educativo en Francia, destacada por el declive en los est\u00e1ndares acad\u00e9micos, la disminuci\u00f3n de la competencia ling\u00fc\u00edstica y la falta de conciencia hist\u00f3rica entre los estudiantes. Examinamos las ra\u00edces de esta crisis, incluyendo el impacto de pol\u00edticas educativas mal adaptadas y la disminuci\u00f3n de la autoridad de los profesores, tomando perspectivas de \u00abLa F\u00e1brica de Creyentes\u00bb de Jean-Paul Brighelli. Se discuten soluciones posibles, como volver a m\u00e9todos de ense\u00f1anza probados y reenfatizar el rigor acad\u00e9mico, para revertir esta espiral descendente.<\/p>\n","protected":false},"author":1,"featured_media":2894,"comment_status":"open","ping_status":"open","sticky":false,"template":"","format":"standard","meta":{"_jetpack_memberships_contains_paid_content":false,"footnotes":""},"categories":[1806],"tags":[1843,1841,1845,1844,1842],"class_list":["post-2892","post","type-post","status-publish","format-standard","has-post-thumbnail","hentry","category-maudin-malin-es","tag-crisis-educativa","tag-declive-educativo","tag-jean-paul-brighelli-es","tag-mejora-escolar","tag-sistema-escolar-frances"],"yoast_head":"<!-- This site is optimized with the Yoast SEO Premium plugin v22.6 (Yoast SEO v27.5) - https:\/\/yoast.com\/product\/yoast-seo-premium-wordpress\/ -->\n<title>La crisis educativa en Francia: An\u00e1lisis del declive y caminos para la recuperaci\u00f3n - The Pilule<\/title>\n<meta name=\"description\" content=\"Este art\u00edculo aborda la preocupante deterioraci\u00f3n del sistema educativo en Francia, destacada por el declive en los est\u00e1ndares acad\u00e9micos, la disminuci\u00f3n de la competencia ling\u00fc\u00edstica y la falta de conciencia hist\u00f3rica entre los estudiantes. Examinamos las ra\u00edces de esta crisis, incluyendo el impacto de pol\u00edticas educativas mal adaptadas y la disminuci\u00f3n de la autoridad de los profesores, tomando perspectivas de &quot;La F\u00e1brica de Creyentes&quot; de Jean-Paul Brighelli. Se discuten soluciones posibles, como volver a m\u00e9todos de ense\u00f1anza probados y reenfatizar el rigor acad\u00e9mico, para revertir esta espiral descendente.\" \/>\n<meta name=\"robots\" content=\"index, follow, max-snippet:-1, max-image-preview:large, max-video-preview:-1\" \/>\n<link rel=\"canonical\" href=\"https:\/\/www.thepilule.com\/ar\/?p=2900\" \/>\n<meta property=\"og:locale\" content=\"es_ES\" \/>\n<meta property=\"og:type\" content=\"article\" \/>\n<meta property=\"og:title\" content=\"La crisis educativa en Francia: An\u00e1lisis del declive y caminos para la recuperaci\u00f3n\" \/>\n<meta property=\"og:description\" content=\"Este art\u00edculo aborda la preocupante deterioraci\u00f3n del sistema educativo en Francia, destacada por el declive en los est\u00e1ndares acad\u00e9micos, la disminuci\u00f3n de la competencia ling\u00fc\u00edstica y la falta de conciencia hist\u00f3rica entre los estudiantes. Examinamos las ra\u00edces de esta crisis, incluyendo el impacto de pol\u00edticas educativas mal adaptadas y la disminuci\u00f3n de la autoridad de los profesores, tomando perspectivas de &quot;La F\u00e1brica de Creyentes&quot; de Jean-Paul Brighelli. Se discuten soluciones posibles, como volver a m\u00e9todos de ense\u00f1anza probados y reenfatizar el rigor acad\u00e9mico, para revertir esta espiral descendente.\" \/>\n<meta property=\"og:url\" content=\"https:\/\/www.thepilule.com\/ar\/?p=2900\" \/>\n<meta property=\"og:site_name\" content=\"The Pilule\" \/>\n<meta property=\"article:publisher\" content=\"https:\/\/www.facebook.com\/the.pilule\" \/>\n<meta property=\"article:author\" content=\"https:\/\/www.facebook.com\/the.pilule\" \/>\n<meta property=\"article:published_time\" content=\"2024-03-20T08:39:46+00:00\" \/>\n<meta property=\"article:modified_time\" content=\"2024-03-20T08:48:59+00:00\" \/>\n<meta property=\"og:image\" content=\"https:\/\/www.thepilule.com\/wp-content\/uploads\/2024\/03\/image.webp\" \/>\n\t<meta property=\"og:image:width\" content=\"1656\" \/>\n\t<meta property=\"og:image:height\" content=\"1060\" \/>\n\t<meta property=\"og:image:type\" content=\"image\/webp\" \/>\n<meta name=\"author\" content=\"Moderateur\" \/>\n<meta name=\"twitter:card\" content=\"summary_large_image\" \/>\n<meta name=\"twitter:description\" content=\"Este art\u00edculo aborda la preocupante deterioraci\u00f3n del sistema educativo en Francia, destacada por el declive en los est\u00e1ndares acad\u00e9micos, la disminuci\u00f3n de la competencia ling\u00fc\u00edstica y la falta de conciencia hist\u00f3rica entre los estudiantes. Examinamos las ra\u00edces de esta crisis, incluyendo el impacto de pol\u00edticas educativas mal adaptadas y la disminuci\u00f3n de la autoridad de los profesores, tomando perspectivas de &quot;La F\u00e1brica de Creyentes&quot; de Jean-Paul Brighelli. Se discuten soluciones posibles, como volver a m\u00e9todos de ense\u00f1anza probados y reenfatizar el rigor acad\u00e9mico, para revertir esta espiral descendente.\" \/>\n<meta name=\"twitter:creator\" content=\"@https:\/\/www.twitter.com\/thepilule\" \/>\n<meta name=\"twitter:site\" content=\"@thepilule\" \/>\n<meta name=\"twitter:label1\" content=\"Escrito por\" \/>\n\t<meta name=\"twitter:data1\" content=\"Moderateur&lt;span class=&quot;bp-verified-badge&quot;&gt;&lt;\/span&gt;\" \/>\n\t<meta name=\"twitter:label2\" content=\"Tiempo de lectura\" \/>\n\t<meta name=\"twitter:data2\" content=\"2 minutos\" \/>\n<script type=\"application\/ld+json\" class=\"yoast-schema-graph\">{\"@context\":\"https:\\\/\\\/schema.org\",\"@graph\":[{\"@type\":\"Article\",\"@id\":\"https:\\\/\\\/www.thepilule.com\\\/ar\\\/?p=2900#article\",\"isPartOf\":{\"@id\":\"https:\\\/\\\/www.thepilule.com\\\/ar\\\/?p=2900\"},\"author\":{\"name\":\"Moderateur\",\"@id\":\"https:\\\/\\\/www.thepilule.com\\\/#\\\/schema\\\/person\\\/ce9f678c80e52c47616a1e87d45569c5\"},\"headline\":\"La crisis educativa en Francia: An\u00e1lisis del declive y caminos para la recuperaci\u00f3n\",\"datePublished\":\"2024-03-20T08:39:46+00:00\",\"dateModified\":\"2024-03-20T08:48:59+00:00\",\"mainEntityOfPage\":{\"@id\":\"https:\\\/\\\/www.thepilule.com\\\/ar\\\/?p=2900\"},\"wordCount\":375,\"commentCount\":0,\"publisher\":{\"@id\":\"https:\\\/\\\/www.thepilule.com\\\/#organization\"},\"image\":{\"@id\":\"https:\\\/\\\/www.thepilule.com\\\/ar\\\/?p=2900#primaryimage\"},\"thumbnailUrl\":\"https:\\\/\\\/www.thepilule.com\\\/wp-content\\\/uploads\\\/2024\\\/03\\\/image.webp\",\"keywords\":[\"crisis educativa\",\"declive educativo\",\"Jean-Paul Brighelli\",\"mejora escolar\",\"sistema escolar franc\u00e9s\"],\"articleSection\":[\"Maudin Malin\"],\"inLanguage\":\"es\",\"potentialAction\":[{\"@type\":\"CommentAction\",\"name\":\"Comment\",\"target\":[\"https:\\\/\\\/www.thepilule.com\\\/ar\\\/?p=2900#respond\"]}]},{\"@type\":\"WebPage\",\"@id\":\"https:\\\/\\\/www.thepilule.com\\\/ar\\\/?p=2900\",\"url\":\"https:\\\/\\\/www.thepilule.com\\\/ar\\\/?p=2900\",\"name\":\"La crisis educativa en Francia: An\u00e1lisis del declive y caminos para la recuperaci\u00f3n - The Pilule\",\"isPartOf\":{\"@id\":\"https:\\\/\\\/www.thepilule.com\\\/#website\"},\"primaryImageOfPage\":{\"@id\":\"https:\\\/\\\/www.thepilule.com\\\/ar\\\/?p=2900#primaryimage\"},\"image\":{\"@id\":\"https:\\\/\\\/www.thepilule.com\\\/ar\\\/?p=2900#primaryimage\"},\"thumbnailUrl\":\"https:\\\/\\\/www.thepilule.com\\\/wp-content\\\/uploads\\\/2024\\\/03\\\/image.webp\",\"datePublished\":\"2024-03-20T08:39:46+00:00\",\"dateModified\":\"2024-03-20T08:48:59+00:00\",\"description\":\"Este art\u00edculo aborda la preocupante deterioraci\u00f3n del sistema educativo en Francia, destacada por el declive en los est\u00e1ndares acad\u00e9micos, la disminuci\u00f3n de la competencia ling\u00fc\u00edstica y la falta de conciencia hist\u00f3rica entre los estudiantes. Examinamos las ra\u00edces de esta crisis, incluyendo el impacto de pol\u00edticas educativas mal adaptadas y la disminuci\u00f3n de la autoridad de los profesores, tomando perspectivas de \\\"La F\u00e1brica de Creyentes\\\" de Jean-Paul Brighelli. Se discuten soluciones posibles, como volver a m\u00e9todos de ense\u00f1anza probados y reenfatizar el rigor acad\u00e9mico, para revertir esta espiral descendente.\",\"breadcrumb\":{\"@id\":\"https:\\\/\\\/www.thepilule.com\\\/ar\\\/?p=2900#breadcrumb\"},\"inLanguage\":\"es\",\"potentialAction\":[{\"@type\":\"ReadAction\",\"target\":[\"https:\\\/\\\/www.thepilule.com\\\/ar\\\/?p=2900\"]}]},{\"@type\":\"ImageObject\",\"inLanguage\":\"es\",\"@id\":\"https:\\\/\\\/www.thepilule.com\\\/ar\\\/?p=2900#primaryimage\",\"url\":\"https:\\\/\\\/www.thepilule.com\\\/wp-content\\\/uploads\\\/2024\\\/03\\\/image.webp\",\"contentUrl\":\"https:\\\/\\\/www.thepilule.com\\\/wp-content\\\/uploads\\\/2024\\\/03\\\/image.webp\",\"width\":1656,\"height\":1060},{\"@type\":\"BreadcrumbList\",\"@id\":\"https:\\\/\\\/www.thepilule.com\\\/ar\\\/?p=2900#breadcrumb\",\"itemListElement\":[{\"@type\":\"ListItem\",\"position\":1,\"name\":\"Home\",\"item\":\"https:\\\/\\\/www.thepilule.com\\\/es\\\/\"},{\"@type\":\"ListItem\",\"position\":2,\"name\":\"La crisis educativa en Francia: An\u00e1lisis del declive y caminos para la recuperaci\u00f3n\"}]},{\"@type\":\"WebSite\",\"@id\":\"https:\\\/\\\/www.thepilule.com\\\/#website\",\"url\":\"https:\\\/\\\/www.thepilule.com\\\/\",\"name\":\"The Pilule\",\"description\":\"Votre pilule rouge de conscience\",\"publisher\":{\"@id\":\"https:\\\/\\\/www.thepilule.com\\\/#organization\"},\"potentialAction\":[{\"@type\":\"SearchAction\",\"target\":{\"@type\":\"EntryPoint\",\"urlTemplate\":\"https:\\\/\\\/www.thepilule.com\\\/?s={search_term_string}\"},\"query-input\":{\"@type\":\"PropertyValueSpecification\",\"valueRequired\":true,\"valueName\":\"search_term_string\"}}],\"inLanguage\":\"es\"},{\"@type\":\"Organization\",\"@id\":\"https:\\\/\\\/www.thepilule.com\\\/#organization\",\"name\":\"The Pilule\",\"url\":\"https:\\\/\\\/www.thepilule.com\\\/\",\"logo\":{\"@type\":\"ImageObject\",\"inLanguage\":\"es\",\"@id\":\"https:\\\/\\\/www.thepilule.com\\\/#\\\/schema\\\/logo\\\/image\\\/\",\"url\":\"https:\\\/\\\/www.thepilule.com\\\/wp-content\\\/uploads\\\/2024\\\/01\\\/Flavicon-thepilule.png\",\"contentUrl\":\"https:\\\/\\\/www.thepilule.com\\\/wp-content\\\/uploads\\\/2024\\\/01\\\/Flavicon-thepilule.png\",\"width\":500,\"height\":500,\"caption\":\"The Pilule\"},\"image\":{\"@id\":\"https:\\\/\\\/www.thepilule.com\\\/#\\\/schema\\\/logo\\\/image\\\/\"},\"sameAs\":[\"https:\\\/\\\/www.facebook.com\\\/the.pilule\",\"https:\\\/\\\/x.com\\\/thepilule\",\"https:\\\/\\\/tiktok.com\\\/@the.pilule\",\"https:\\\/\\\/www.youtube.com\\\/@the.pilule\",\"https:\\\/\\\/www.instagram.com\\\/the.pilule\"],\"publishingPrinciples\":\"https:\\\/\\\/www.thepilule.com\\\/\"},{\"@type\":\"Person\",\"@id\":\"https:\\\/\\\/www.thepilule.com\\\/#\\\/schema\\\/person\\\/ce9f678c80e52c47616a1e87d45569c5\",\"name\":\"Moderateur\",\"image\":{\"@type\":\"ImageObject\",\"inLanguage\":\"es\",\"@id\":\"\\\/\\\/www.gravatar.com\\\/avatar\\\/882773b6eb71e31b59fc708b3ca22962?s=96&#038;r=g&#038;d=mm\",\"url\":\"\\\/\\\/www.gravatar.com\\\/avatar\\\/882773b6eb71e31b59fc708b3ca22962?s=96&#038;r=g&#038;d=mm\",\"contentUrl\":\"\\\/\\\/www.gravatar.com\\\/avatar\\\/882773b6eb71e31b59fc708b3ca22962?s=96&#038;r=g&#038;d=mm\",\"caption\":\"Moderateur\"},\"description\":\"Bienvenue | Welcome | Bienvenido | \u0645\u0631\u062d\u0628\u064b\u0627 \ud83c\uddeb\ud83c\uddf7 D\u00e9couvrez la philosophie, le sto\u00efcisme et le d\u00e9veloppement personnel. Joignez-vous \u00e0 moi pour explorer la vie, la vertu et le potentiel humain. \ud83c\uddec\ud83c\udde7 Discover philosophy, stoicism, and personal development. Join me to explore life, virtue, and human potential. \ud83c\uddea\ud83c\uddf8 Descubre la filosof\u00eda, el estoicismo y el desarrollo personal. \u00danete a m\u00ed para explorar la vida, la virtud y el potencial humano. \ud83c\udde6\ud83c\uddea \u0627\u0643\u062a\u0634\u0641 \u0627\u0644\u0641\u0644\u0633\u0641\u0629 \u0648\u0627\u0644\u0627\u0633\u062a\u0648\u0627\u0626\u064a\u0629 \u0648\u0627\u0644\u062a\u0637\u0648\u064a\u0631 \u0627\u0644\u0634\u062e\u0635\u064a. \u0627\u0646\u0636\u0645 \u0625\u0644\u064a\u0651 \u0644\u0627\u0633\u062a\u0643\u0634\u0627\u0641 \u0627\u0644\u062d\u064a\u0627\u0629\u060c \u0648\u0627\u0644\u0641\u0636\u064a\u0644\u0629\u060c \u0648\u0627\u0644\u0625\u0645\u0643\u0627\u0646\u064a\u0627\u062a \u0627\u0644\u0628\u0634\u0631\u064a\u0629.\",\"sameAs\":[\"https:\\\/\\\/www.thepilule.com\",\"https:\\\/\\\/www.facebook.com\\\/the.pilule\",\"https:\\\/\\\/www.instagram.com\\\/the.pilule\",\"https:\\\/\\\/linkedin.com\\\/company\\\/thepilule\",\"https:\\\/\\\/www.pinterest.fr\\\/thepilule\",\"https:\\\/\\\/x.com\\\/https:\\\/\\\/www.twitter.com\\\/thepilule\",\"https:\\\/\\\/www.youtube.com\\\/@the.pilule\"],\"honorificPrefix\":\"Le\",\"honorificSuffix\":\"Philo\",\"gender\":\"homme\",\"award\":[\"Po\u00e9sie\",\"Litt\u00e9rature\"],\"knowsLanguage\":[\"Fran\u00e7ais\",\"Anglais\",\"Arabe\",\"Espagnol\"],\"jobTitle\":\"Po\u00e9tique\",\"worksFor\":\"The Pilule\",\"url\":\"https:\\\/\\\/www.thepilule.com\\\/es\\\/author\\\/moderateur\\\/\"}]}<\/script>\n<!-- \/ Yoast SEO Premium plugin. -->","yoast_head_json":{"title":"La crisis educativa en Francia: An\u00e1lisis del declive y caminos para la recuperaci\u00f3n - The Pilule","description":"Este art\u00edculo aborda la preocupante deterioraci\u00f3n del sistema educativo en Francia, destacada por el declive en los est\u00e1ndares acad\u00e9micos, la disminuci\u00f3n de la competencia ling\u00fc\u00edstica y la falta de conciencia hist\u00f3rica entre los estudiantes. Examinamos las ra\u00edces de esta crisis, incluyendo el impacto de pol\u00edticas educativas mal adaptadas y la disminuci\u00f3n de la autoridad de los profesores, tomando perspectivas de \"La F\u00e1brica de Creyentes\" de Jean-Paul Brighelli. Se discuten soluciones posibles, como volver a m\u00e9todos de ense\u00f1anza probados y reenfatizar el rigor acad\u00e9mico, para revertir esta espiral descendente.","robots":{"index":"index","follow":"follow","max-snippet":"max-snippet:-1","max-image-preview":"max-image-preview:large","max-video-preview":"max-video-preview:-1"},"canonical":"https:\/\/www.thepilule.com\/ar\/?p=2900","og_locale":"es_ES","og_type":"article","og_title":"La crisis educativa en Francia: An\u00e1lisis del declive y caminos para la recuperaci\u00f3n","og_description":"Este art\u00edculo aborda la preocupante deterioraci\u00f3n del sistema educativo en Francia, destacada por el declive en los est\u00e1ndares acad\u00e9micos, la disminuci\u00f3n de la competencia ling\u00fc\u00edstica y la falta de conciencia hist\u00f3rica entre los estudiantes. Examinamos las ra\u00edces de esta crisis, incluyendo el impacto de pol\u00edticas educativas mal adaptadas y la disminuci\u00f3n de la autoridad de los profesores, tomando perspectivas de \"La F\u00e1brica de Creyentes\" de Jean-Paul Brighelli. Se discuten soluciones posibles, como volver a m\u00e9todos de ense\u00f1anza probados y reenfatizar el rigor acad\u00e9mico, para revertir esta espiral descendente.","og_url":"https:\/\/www.thepilule.com\/ar\/?p=2900","og_site_name":"The Pilule","article_publisher":"https:\/\/www.facebook.com\/the.pilule","article_author":"https:\/\/www.facebook.com\/the.pilule","article_published_time":"2024-03-20T08:39:46+00:00","article_modified_time":"2024-03-20T08:48:59+00:00","og_image":[{"width":1656,"height":1060,"url":"https:\/\/www.thepilule.com\/wp-content\/uploads\/2024\/03\/image.webp","type":"image\/webp"}],"author":"Moderateur","twitter_card":"summary_large_image","twitter_description":"Este art\u00edculo aborda la preocupante deterioraci\u00f3n del sistema educativo en Francia, destacada por el declive en los est\u00e1ndares acad\u00e9micos, la disminuci\u00f3n de la competencia ling\u00fc\u00edstica y la falta de conciencia hist\u00f3rica entre los estudiantes. Examinamos las ra\u00edces de esta crisis, incluyendo el impacto de pol\u00edticas educativas mal adaptadas y la disminuci\u00f3n de la autoridad de los profesores, tomando perspectivas de \"La F\u00e1brica de Creyentes\" de Jean-Paul Brighelli. Se discuten soluciones posibles, como volver a m\u00e9todos de ense\u00f1anza probados y reenfatizar el rigor acad\u00e9mico, para revertir esta espiral descendente.","twitter_creator":"@https:\/\/www.twitter.com\/thepilule","twitter_site":"@thepilule","twitter_misc":{"Escrito por":"Moderateur<span class=\"bp-verified-badge\"><\/span>","Tiempo de lectura":"2 minutos"},"schema":{"@context":"https:\/\/schema.org","@graph":[{"@type":"Article","@id":"https:\/\/www.thepilule.com\/ar\/?p=2900#article","isPartOf":{"@id":"https:\/\/www.thepilule.com\/ar\/?p=2900"},"author":{"name":"Moderateur","@id":"https:\/\/www.thepilule.com\/#\/schema\/person\/ce9f678c80e52c47616a1e87d45569c5"},"headline":"La crisis educativa en Francia: An\u00e1lisis del declive y caminos para la recuperaci\u00f3n","datePublished":"2024-03-20T08:39:46+00:00","dateModified":"2024-03-20T08:48:59+00:00","mainEntityOfPage":{"@id":"https:\/\/www.thepilule.com\/ar\/?p=2900"},"wordCount":375,"commentCount":0,"publisher":{"@id":"https:\/\/www.thepilule.com\/#organization"},"image":{"@id":"https:\/\/www.thepilule.com\/ar\/?p=2900#primaryimage"},"thumbnailUrl":"https:\/\/www.thepilule.com\/wp-content\/uploads\/2024\/03\/image.webp","keywords":["crisis educativa","declive educativo","Jean-Paul Brighelli","mejora escolar","sistema escolar franc\u00e9s"],"articleSection":["Maudin Malin"],"inLanguage":"es","potentialAction":[{"@type":"CommentAction","name":"Comment","target":["https:\/\/www.thepilule.com\/ar\/?p=2900#respond"]}]},{"@type":"WebPage","@id":"https:\/\/www.thepilule.com\/ar\/?p=2900","url":"https:\/\/www.thepilule.com\/ar\/?p=2900","name":"La crisis educativa en Francia: An\u00e1lisis del declive y caminos para la recuperaci\u00f3n - The Pilule","isPartOf":{"@id":"https:\/\/www.thepilule.com\/#website"},"primaryImageOfPage":{"@id":"https:\/\/www.thepilule.com\/ar\/?p=2900#primaryimage"},"image":{"@id":"https:\/\/www.thepilule.com\/ar\/?p=2900#primaryimage"},"thumbnailUrl":"https:\/\/www.thepilule.com\/wp-content\/uploads\/2024\/03\/image.webp","datePublished":"2024-03-20T08:39:46+00:00","dateModified":"2024-03-20T08:48:59+00:00","description":"Este art\u00edculo aborda la preocupante deterioraci\u00f3n del sistema educativo en Francia, destacada por el declive en los est\u00e1ndares acad\u00e9micos, la disminuci\u00f3n de la competencia ling\u00fc\u00edstica y la falta de conciencia hist\u00f3rica entre los estudiantes. Examinamos las ra\u00edces de esta crisis, incluyendo el impacto de pol\u00edticas educativas mal adaptadas y la disminuci\u00f3n de la autoridad de los profesores, tomando perspectivas de \"La F\u00e1brica de Creyentes\" de Jean-Paul Brighelli. Se discuten soluciones posibles, como volver a m\u00e9todos de ense\u00f1anza probados y reenfatizar el rigor acad\u00e9mico, para revertir esta espiral descendente.","breadcrumb":{"@id":"https:\/\/www.thepilule.com\/ar\/?p=2900#breadcrumb"},"inLanguage":"es","potentialAction":[{"@type":"ReadAction","target":["https:\/\/www.thepilule.com\/ar\/?p=2900"]}]},{"@type":"ImageObject","inLanguage":"es","@id":"https:\/\/www.thepilule.com\/ar\/?p=2900#primaryimage","url":"https:\/\/www.thepilule.com\/wp-content\/uploads\/2024\/03\/image.webp","contentUrl":"https:\/\/www.thepilule.com\/wp-content\/uploads\/2024\/03\/image.webp","width":1656,"height":1060},{"@type":"BreadcrumbList","@id":"https:\/\/www.thepilule.com\/ar\/?p=2900#breadcrumb","itemListElement":[{"@type":"ListItem","position":1,"name":"Home","item":"https:\/\/www.thepilule.com\/es\/"},{"@type":"ListItem","position":2,"name":"La crisis educativa en Francia: An\u00e1lisis del declive y caminos para la recuperaci\u00f3n"}]},{"@type":"WebSite","@id":"https:\/\/www.thepilule.com\/#website","url":"https:\/\/www.thepilule.com\/","name":"The Pilule","description":"Votre pilule rouge de conscience","publisher":{"@id":"https:\/\/www.thepilule.com\/#organization"},"potentialAction":[{"@type":"SearchAction","target":{"@type":"EntryPoint","urlTemplate":"https:\/\/www.thepilule.com\/?s={search_term_string}"},"query-input":{"@type":"PropertyValueSpecification","valueRequired":true,"valueName":"search_term_string"}}],"inLanguage":"es"},{"@type":"Organization","@id":"https:\/\/www.thepilule.com\/#organization","name":"The Pilule","url":"https:\/\/www.thepilule.com\/","logo":{"@type":"ImageObject","inLanguage":"es","@id":"https:\/\/www.thepilule.com\/#\/schema\/logo\/image\/","url":"https:\/\/www.thepilule.com\/wp-content\/uploads\/2024\/01\/Flavicon-thepilule.png","contentUrl":"https:\/\/www.thepilule.com\/wp-content\/uploads\/2024\/01\/Flavicon-thepilule.png","width":500,"height":500,"caption":"The Pilule"},"image":{"@id":"https:\/\/www.thepilule.com\/#\/schema\/logo\/image\/"},"sameAs":["https:\/\/www.facebook.com\/the.pilule","https:\/\/x.com\/thepilule","https:\/\/tiktok.com\/@the.pilule","https:\/\/www.youtube.com\/@the.pilule","https:\/\/www.instagram.com\/the.pilule"],"publishingPrinciples":"https:\/\/www.thepilule.com\/"},{"@type":"Person","@id":"https:\/\/www.thepilule.com\/#\/schema\/person\/ce9f678c80e52c47616a1e87d45569c5","name":"Moderateur","image":{"@type":"ImageObject","inLanguage":"es","@id":"\/\/www.gravatar.com\/avatar\/882773b6eb71e31b59fc708b3ca22962?s=96&#038;r=g&#038;d=mm","url":"\/\/www.gravatar.com\/avatar\/882773b6eb71e31b59fc708b3ca22962?s=96&#038;r=g&#038;d=mm","contentUrl":"\/\/www.gravatar.com\/avatar\/882773b6eb71e31b59fc708b3ca22962?s=96&#038;r=g&#038;d=mm","caption":"Moderateur"},"description":"Bienvenue | Welcome | Bienvenido | \u0645\u0631\u062d\u0628\u064b\u0627 \ud83c\uddeb\ud83c\uddf7 D\u00e9couvrez la philosophie, le sto\u00efcisme et le d\u00e9veloppement personnel. Joignez-vous \u00e0 moi pour explorer la vie, la vertu et le potentiel humain. \ud83c\uddec\ud83c\udde7 Discover philosophy, stoicism, and personal development. Join me to explore life, virtue, and human potential. \ud83c\uddea\ud83c\uddf8 Descubre la filosof\u00eda, el estoicismo y el desarrollo personal. \u00danete a m\u00ed para explorar la vida, la virtud y el potencial humano. \ud83c\udde6\ud83c\uddea \u0627\u0643\u062a\u0634\u0641 \u0627\u0644\u0641\u0644\u0633\u0641\u0629 \u0648\u0627\u0644\u0627\u0633\u062a\u0648\u0627\u0626\u064a\u0629 \u0648\u0627\u0644\u062a\u0637\u0648\u064a\u0631 \u0627\u0644\u0634\u062e\u0635\u064a. \u0627\u0646\u0636\u0645 \u0625\u0644\u064a\u0651 \u0644\u0627\u0633\u062a\u0643\u0634\u0627\u0641 \u0627\u0644\u062d\u064a\u0627\u0629\u060c \u0648\u0627\u0644\u0641\u0636\u064a\u0644\u0629\u060c \u0648\u0627\u0644\u0625\u0645\u0643\u0627\u0646\u064a\u0627\u062a \u0627\u0644\u0628\u0634\u0631\u064a\u0629.","sameAs":["https:\/\/www.thepilule.com","https:\/\/www.facebook.com\/the.pilule","https:\/\/www.instagram.com\/the.pilule","https:\/\/linkedin.com\/company\/thepilule","https:\/\/www.pinterest.fr\/thepilule","https:\/\/x.com\/https:\/\/www.twitter.com\/thepilule","https:\/\/www.youtube.com\/@the.pilule"],"honorificPrefix":"Le","honorificSuffix":"Philo","gender":"homme","award":["Po\u00e9sie","Litt\u00e9rature"],"knowsLanguage":["Fran\u00e7ais","Anglais","Arabe","Espagnol"],"jobTitle":"Po\u00e9tique","worksFor":"The Pilule","url":"https:\/\/www.thepilule.com\/es\/author\/moderateur\/"}]}},"jetpack_featured_media_url":"https:\/\/www.thepilule.com\/wp-content\/uploads\/2024\/03\/image.webp","jetpack_sharing_enabled":true,"_links":{"self":[{"href":"https:\/\/www.thepilule.com\/es\/wp-json\/wp\/v2\/posts\/2892","targetHints":{"allow":["GET"]}}],"collection":[{"href":"https:\/\/www.thepilule.com\/es\/wp-json\/wp\/v2\/posts"}],"about":[{"href":"https:\/\/www.thepilule.com\/es\/wp-json\/wp\/v2\/types\/post"}],"author":[{"embeddable":true,"href":"https:\/\/www.thepilule.com\/es\/wp-json\/wp\/v2\/users\/1"}],"replies":[{"embeddable":true,"href":"https:\/\/www.thepilule.com\/es\/wp-json\/wp\/v2\/comments?post=2892"}],"version-history":[{"count":1,"href":"https:\/\/www.thepilule.com\/es\/wp-json\/wp\/v2\/posts\/2892\/revisions"}],"predecessor-version":[{"id":2898,"href":"https:\/\/www.thepilule.com\/es\/wp-json\/wp\/v2\/posts\/2892\/revisions\/2898"}],"wp:featuredmedia":[{"embeddable":true,"href":"https:\/\/www.thepilule.com\/es\/wp-json\/wp\/v2\/media\/2894"}],"wp:attachment":[{"href":"https:\/\/www.thepilule.com\/es\/wp-json\/wp\/v2\/media?parent=2892"}],"wp:term":[{"taxonomy":"category","embeddable":true,"href":"https:\/\/www.thepilule.com\/es\/wp-json\/wp\/v2\/categories?post=2892"},{"taxonomy":"post_tag","embeddable":true,"href":"https:\/\/www.thepilule.com\/es\/wp-json\/wp\/v2\/tags?post=2892"}],"curies":[{"name":"wp","href":"https:\/\/api.w.org\/{rel}","templated":true}]}}