{"id":2956,"date":"2024-03-30T10:13:44","date_gmt":"2024-03-30T10:13:44","guid":{"rendered":"https:\/\/www.thepilule.com\/?p=2956"},"modified":"2024-03-30T10:24:29","modified_gmt":"2024-03-30T10:24:29","slug":"la-francia-periferica-una-nueva-perspectiva-sobre-la-fractura-social","status":"publish","type":"post","link":"https:\/\/www.thepilule.com\/es\/la-francia-periferica-una-nueva-perspectiva-sobre-la-fractura-social\/","title":{"rendered":"La Francia Perif\u00e9rica: Una Nueva Perspectiva sobre la Fractura Social"},"content":{"rendered":"<p>En el debate contempor\u00e1neo sobre la estructura social y econ\u00f3mica de Francia, una visi\u00f3n frecuentemente repetida retrata a los habitantes de los suburbios como v\u00edctimas marginadas en una sociedad marcada por el racismo y la injusticia. Sin embargo, la publicaci\u00f3n en 2014 de <strong>\u00abLa Francia Perif\u00e9rica\u00bb<\/strong> por Christophe Guilluy cuestion\u00f3 fundamentalmente esta perspectiva, ofreciendo un an\u00e1lisis que diverge significativamente de la narrativa dominante.<\/p>\n<div id=\"ez-toc-container\" class=\"ez-toc-v2_0_82_2 counter-hierarchy ez-toc-counter ez-toc-transparent ez-toc-container-direction\">\n<div class=\"ez-toc-title-container\">\n<p class=\"ez-toc-title\" style=\"cursor:inherit\">Table of Contents<\/p>\n<span class=\"ez-toc-title-toggle\"><a href=\"#\" class=\"ez-toc-pull-right ez-toc-btn ez-toc-btn-xs ez-toc-btn-default ez-toc-toggle\" aria-label=\"Alternar tabla de contenidos\"><span class=\"ez-toc-js-icon-con\"><span class=\"\"><span class=\"eztoc-hide\" style=\"display:none;\">Toggle<\/span><span class=\"ez-toc-icon-toggle-span\"><svg style=\"fill: #dd3333;color:#dd3333\" xmlns=\"http:\/\/www.w3.org\/2000\/svg\" class=\"list-377408\" width=\"20px\" height=\"20px\" viewBox=\"0 0 24 24\" fill=\"none\"><path d=\"M6 6H4v2h2V6zm14 0H8v2h12V6zM4 11h2v2H4v-2zm16 0H8v2h12v-2zM4 16h2v2H4v-2zm16 0H8v2h12v-2z\" fill=\"currentColor\"><\/path><\/svg><svg style=\"fill: #dd3333;color:#dd3333\" class=\"arrow-unsorted-368013\" xmlns=\"http:\/\/www.w3.org\/2000\/svg\" width=\"10px\" height=\"10px\" viewBox=\"0 0 24 24\" version=\"1.2\" baseProfile=\"tiny\"><path d=\"M18.2 9.3l-6.2-6.3-6.2 6.3c-.2.2-.3.4-.3.7s.1.5.3.7c.2.2.4.3.7.3h11c.3 0 .5-.1.7-.3.2-.2.3-.5.3-.7s-.1-.5-.3-.7zM5.8 14.7l6.2 6.3 6.2-6.3c.2-.2.3-.5.3-.7s-.1-.5-.3-.7c-.2-.2-.4-.3-.7-.3h-11c-.3 0-.5.1-.7.3-.2.2-.3.5-.3.7s.1.5.3.7z\"\/><\/svg><\/span><\/span><\/span><\/a><\/span><\/div>\n<nav><ul class='ez-toc-list ez-toc-list-level-1 eztoc-toggle-hide-by-default' ><li class='ez-toc-page-1 ez-toc-heading-level-3'><a class=\"ez-toc-link ez-toc-heading-1\" href=\"https:\/\/www.thepilule.com\/es\/la-francia-periferica-una-nueva-perspectiva-sobre-la-fractura-social\/#La_Influencia_de_la_Geografia_en_la_Dinamica_Social\" >La Influencia de la Geograf\u00eda en la Din\u00e1mica Social<\/a><\/li><li class='ez-toc-page-1 ez-toc-heading-level-3'><a class=\"ez-toc-link ez-toc-heading-2\" href=\"https:\/\/www.thepilule.com\/es\/la-francia-periferica-una-nueva-perspectiva-sobre-la-fractura-social\/#Una_Francia_Periferica_Olvidada\" >Una Francia Perif\u00e9rica Olvidada<\/a><\/li><li class='ez-toc-page-1 ez-toc-heading-level-3'><a class=\"ez-toc-link ez-toc-heading-3\" href=\"https:\/\/www.thepilule.com\/es\/la-francia-periferica-una-nueva-perspectiva-sobre-la-fractura-social\/#Desmontando_el_Mito_de_la_Discriminacion_Positiva\" >Desmontando el Mito de la Discriminaci\u00f3n Positiva<\/a><\/li><li class='ez-toc-page-1 ez-toc-heading-level-3'><a class=\"ez-toc-link ez-toc-heading-4\" href=\"https:\/\/www.thepilule.com\/es\/la-francia-periferica-una-nueva-perspectiva-sobre-la-fractura-social\/#Hacia_una_Redefinicion_de_las_Prioridades_Politicas_y_Sociales\" >Hacia una Redefinici\u00f3n de las Prioridades Pol\u00edticas y Sociales<\/a><\/li><\/ul><\/nav><\/div>\n<h3><span class=\"ez-toc-section\" id=\"La_Influencia_de_la_Geografia_en_la_Dinamica_Social\"><\/span><strong>La Influencia de la Geograf\u00eda en la Din\u00e1mica Social<\/strong><span class=\"ez-toc-section-end\"><\/span><\/h3>\n<p>Guilluy, un ge\u00f3grafo en lugar de un activista pol\u00edtico, aporta una perspectiva innovadora al centrarse en el aspecto geogr\u00e1fico de las disparidades socioecon\u00f3micas. Su trabajo resalta el contraste entre las \u00e1reas metropolitanas integradas en la econom\u00eda global y las regiones perif\u00e9ricas que experimentan una marginaci\u00f3n creciente. El an\u00e1lisis revela que los residentes metropolitanos, incluidos aquellos de los suburbios, disfrutan de un acceso privilegiado a las zonas de empleo y reciben una atenci\u00f3n medi\u00e1tica y pol\u00edtica sostenida, contrariamente a la imagen estereotipada a menudo transmitida.<\/p>\n<h3><span class=\"ez-toc-section\" id=\"Una_Francia_Periferica_Olvidada\"><\/span><strong>Una Francia Perif\u00e9rica Olvidada<\/strong><span class=\"ez-toc-section-end\"><\/span><\/h3>\n<p>En contraste, la \u00abFrancia Perif\u00e9rica\u00bb, que abarca el 90% de los municipios y el 61% de la poblaci\u00f3n, sufre de un aislamiento econ\u00f3mico y social exacerbado. Los residentes de estas \u00e1reas, a menudo distantes de los centros urbanos, enfrentan una precariedad aumentada, con poco apoyo estatal y dificultades para acceder al empleo. Guilluy argumenta que la Francia Perif\u00e9rica ha sido la verdadera fuente de los movimientos sociales recientes, como las protestas de los Chalecos Amarillos, ilustrando un profundo malestar con la globalizaci\u00f3n y sus efectos.<\/p>\n<h3><span class=\"ez-toc-section\" id=\"Desmontando_el_Mito_de_la_Discriminacion_Positiva\"><\/span><strong>Desmontando el Mito de la Discriminaci\u00f3n Positiva<\/strong><span class=\"ez-toc-section-end\"><\/span><\/h3>\n<p>Una contribuci\u00f3n significativa del trabajo de Guilluy radica en su cr\u00edtica a la supuesta eficacia de la discriminaci\u00f3n positiva. Demuestra que las mejoras observadas en el empleo de las poblaciones inmigrantes no son tanto el resultado de pol\u00edticas inclusivas como de su concentraci\u00f3n geogr\u00e1fica en \u00e1reas de din\u00e1mica econ\u00f3mica fuerte. Esta revelaci\u00f3n plantea preguntas sobre los verdaderos beneficiarios de las pol\u00edticas de integraci\u00f3n y la efectividad de las medidas actuales para abordar las desigualdades.<\/p>\n<h3><span class=\"ez-toc-section\" id=\"Hacia_una_Redefinicion_de_las_Prioridades_Politicas_y_Sociales\"><\/span><strong>Hacia una Redefinici\u00f3n de las Prioridades Pol\u00edticas y Sociales<\/strong><span class=\"ez-toc-section-end\"><\/span><\/h3>\n<p>El an\u00e1lisis propuesto por Guilluy llama a una revisi\u00f3n de las pol\u00edticas p\u00fablicas, enfatizando la necesidad de un enfoque m\u00e1s equilibrado que tenga en cuenta las especificidades geogr\u00e1ficas de las diferentes regiones de Francia. Aboga por una reevaluaci\u00f3n de los criterios utilizados para determinar las zonas de ayuda prioritaria, sugiriendo que las dificultades enfrentadas por los residentes de la Francia Perif\u00e9rica deber\u00edan estar en el coraz\u00f3n de las preocupaciones pol\u00edticas y medi\u00e1ticas.<\/p>\n<blockquote><p><em><strong>Leer:\u00a0<\/strong><a href=\"https:\/\/www.thepilule.com\/es\/la-crisis-educativa-en-francia-analisis-del-declive-y-caminos-para-la-recuperacion\/\">La crisis educativa en Francia: An\u00e1lisis del declive y caminos para la recuperaci\u00f3n<\/a><\/em><\/p><\/blockquote>\n<p><strong>Conclusi\u00f3n: Una Invitaci\u00f3n a Repensar la Solidaridad Nacional<\/strong><\/p>\n<p>En conclusi\u00f3n, \u00abLa Francia Perif\u00e9rica\u00bb de Christophe Guilluy desaf\u00eda las ideas recibidas e invita a una reflexi\u00f3n profunda sobre c\u00f3mo se concibe e implementa la solidaridad nacional. El libro subraya la importancia de adoptar una perspectiva m\u00e1s inclusiva que reconozca y aborde las disparidades no solo entre diferentes categor\u00edas sociales, sino tambi\u00e9n entre las diversas regiones de Francia. Al colocar la geograf\u00eda en el coraz\u00f3n del an\u00e1lisis social, Guilluy abre el camino hacia una comprensi\u00f3n m\u00e1s matizada de las din\u00e1micas de marginaci\u00f3n y privilegio en la sociedad francesa contempor\u00e1nea.<\/p>\n<p><script src=\"chrome-extension:\/\/ebeglcfoffnnadgncmppkkohfcigngkj\/js\/injected\/req.js\"><\/script><\/p>\n","protected":false},"excerpt":{"rendered":"<p>El trabajo \u00abLa Francia Perif\u00e9rica\u00bb de Christophe Guilluy desaf\u00eda la representaci\u00f3n tradicional de las desigualdades sociales en Francia, centrada en los suburbios y las minor\u00edas \u00e9tnicas. A trav\u00e9s de un enfoque geogr\u00e1fico riguroso, Guilluy revela que la verdadera divisi\u00f3n socioecon\u00f3mica separa las metr\u00f3polis, integradas a la econom\u00eda globalizada y benefici\u00e1ndose de un dinamismo econ\u00f3mico, de la Francia Perif\u00e9rica, que agrupa a la mayor\u00eda de la poblaci\u00f3n pero est\u00e1 marcada por un aislamiento y una precariedad crecientes. Esta brecha subraya la urgencia de una revisi\u00f3n de las pol\u00edticas p\u00fablicas para reconocer y abordar las disparidades regionales. El an\u00e1lisis de Guilluy llama a un renacimiento de la solidaridad nacional, teniendo en cuenta las realidades geogr\u00e1ficas de todos los componentes de la sociedad francesa.<\/p>\n","protected":false},"author":1,"featured_media":2954,"comment_status":"open","ping_status":"open","sticky":false,"template":"","format":"standard","meta":{"_jetpack_memberships_contains_paid_content":false,"footnotes":""},"categories":[1806],"tags":[1874,1873,1875,1876,1877],"class_list":["post-2956","post","type-post","status-publish","format-standard","has-post-thumbnail","hentry","category-maudin-malin-es","tag-desigualdades-sociales","tag-francia-periferica","tag-geografia","tag-politicas-publicas","tag-solidaridad-nacional"],"yoast_head":"<!-- This site is optimized with the Yoast SEO Premium plugin v22.6 (Yoast SEO v27.5) - https:\/\/yoast.com\/product\/yoast-seo-premium-wordpress\/ -->\n<title>La Francia Perif\u00e9rica: Una Nueva Perspectiva sobre la Fractura Social - The Pilule<\/title>\n<meta name=\"description\" content=\"El trabajo &quot;La Francia Perif\u00e9rica&quot; de Christophe Guilluy desaf\u00eda la representaci\u00f3n tradicional de las desigualdades sociales en Francia, centrada en los suburbios y las minor\u00edas \u00e9tnicas. A trav\u00e9s de un enfoque geogr\u00e1fico riguroso, Guilluy revela que la verdadera divisi\u00f3n socioecon\u00f3mica separa las metr\u00f3polis, integradas a la econom\u00eda globalizada y benefici\u00e1ndose de un dinamismo econ\u00f3mico, de la Francia Perif\u00e9rica, que agrupa a la mayor\u00eda de la poblaci\u00f3n pero est\u00e1 marcada por un aislamiento y una precariedad crecientes. Esta brecha subraya la urgencia de una revisi\u00f3n de las pol\u00edticas p\u00fablicas para reconocer y abordar las disparidades regionales. El an\u00e1lisis de Guilluy llama a un renacimiento de la solidaridad nacional, teniendo en cuenta las realidades geogr\u00e1ficas de todos los componentes de la sociedad francesa.\" \/>\n<meta name=\"robots\" content=\"index, follow, max-snippet:-1, max-image-preview:large, max-video-preview:-1\" \/>\n<link rel=\"canonical\" href=\"https:\/\/www.thepilule.com\/ar\/?p=2960\" \/>\n<meta property=\"og:locale\" content=\"es_ES\" \/>\n<meta property=\"og:type\" content=\"article\" \/>\n<meta property=\"og:title\" content=\"La Francia Perif\u00e9rica: Una Nueva Perspectiva sobre la Fractura Social\" \/>\n<meta property=\"og:description\" content=\"El trabajo &quot;La Francia Perif\u00e9rica&quot; de Christophe Guilluy desaf\u00eda la representaci\u00f3n tradicional de las desigualdades sociales en Francia, centrada en los suburbios y las minor\u00edas \u00e9tnicas. A trav\u00e9s de un enfoque geogr\u00e1fico riguroso, Guilluy revela que la verdadera divisi\u00f3n socioecon\u00f3mica separa las metr\u00f3polis, integradas a la econom\u00eda globalizada y benefici\u00e1ndose de un dinamismo econ\u00f3mico, de la Francia Perif\u00e9rica, que agrupa a la mayor\u00eda de la poblaci\u00f3n pero est\u00e1 marcada por un aislamiento y una precariedad crecientes. Esta brecha subraya la urgencia de una revisi\u00f3n de las pol\u00edticas p\u00fablicas para reconocer y abordar las disparidades regionales. El an\u00e1lisis de Guilluy llama a un renacimiento de la solidaridad nacional, teniendo en cuenta las realidades geogr\u00e1ficas de todos los componentes de la sociedad francesa.\" \/>\n<meta property=\"og:url\" content=\"https:\/\/www.thepilule.com\/ar\/?p=2960\" \/>\n<meta property=\"og:site_name\" content=\"The Pilule\" \/>\n<meta property=\"article:publisher\" content=\"https:\/\/www.facebook.com\/the.pilule\" \/>\n<meta property=\"article:author\" content=\"https:\/\/www.facebook.com\/the.pilule\" \/>\n<meta property=\"article:published_time\" content=\"2024-03-30T10:13:44+00:00\" \/>\n<meta property=\"article:modified_time\" content=\"2024-03-30T10:24:29+00:00\" \/>\n<meta property=\"og:image\" content=\"https:\/\/www.thepilule.com\/wp-content\/uploads\/2024\/03\/rtr1iqdn_0af7cb1439-scaled.jpg\" \/>\n\t<meta property=\"og:image:width\" content=\"2560\" \/>\n\t<meta property=\"og:image:height\" content=\"1718\" \/>\n\t<meta property=\"og:image:type\" content=\"image\/jpeg\" \/>\n<meta name=\"author\" content=\"Moderateur\" \/>\n<meta name=\"twitter:card\" content=\"summary_large_image\" \/>\n<meta name=\"twitter:description\" content=\"El trabajo &quot;La Francia Perif\u00e9rica&quot; de Christophe Guilluy desaf\u00eda la representaci\u00f3n tradicional de las desigualdades sociales en Francia, centrada en los suburbios y las minor\u00edas \u00e9tnicas. A trav\u00e9s de un enfoque geogr\u00e1fico riguroso, Guilluy revela que la verdadera divisi\u00f3n socioecon\u00f3mica separa las metr\u00f3polis, integradas a la econom\u00eda globalizada y benefici\u00e1ndose de un dinamismo econ\u00f3mico, de la Francia Perif\u00e9rica, que agrupa a la mayor\u00eda de la poblaci\u00f3n pero est\u00e1 marcada por un aislamiento y una precariedad crecientes. Esta brecha subraya la urgencia de una revisi\u00f3n de las pol\u00edticas p\u00fablicas para reconocer y abordar las disparidades regionales. El an\u00e1lisis de Guilluy llama a un renacimiento de la solidaridad nacional, teniendo en cuenta las realidades geogr\u00e1ficas de todos los componentes de la sociedad francesa.\" \/>\n<meta name=\"twitter:creator\" content=\"@https:\/\/www.twitter.com\/thepilule\" \/>\n<meta name=\"twitter:site\" content=\"@thepilule\" \/>\n<meta name=\"twitter:label1\" content=\"Escrito por\" \/>\n\t<meta name=\"twitter:data1\" content=\"Moderateur&lt;span class=&quot;bp-verified-badge&quot;&gt;&lt;\/span&gt;\" \/>\n\t<meta name=\"twitter:label2\" content=\"Tiempo de lectura\" \/>\n\t<meta name=\"twitter:data2\" content=\"3 minutos\" \/>\n<script type=\"application\/ld+json\" class=\"yoast-schema-graph\">{\"@context\":\"https:\\\/\\\/schema.org\",\"@graph\":[{\"@type\":\"Article\",\"@id\":\"https:\\\/\\\/www.thepilule.com\\\/ar\\\/?p=2960#article\",\"isPartOf\":{\"@id\":\"https:\\\/\\\/www.thepilule.com\\\/ar\\\/?p=2960\"},\"author\":{\"name\":\"Moderateur\",\"@id\":\"https:\\\/\\\/www.thepilule.com\\\/#\\\/schema\\\/person\\\/ce9f678c80e52c47616a1e87d45569c5\"},\"headline\":\"La Francia Perif\u00e9rica: Una Nueva Perspectiva sobre la Fractura Social\",\"datePublished\":\"2024-03-30T10:13:44+00:00\",\"dateModified\":\"2024-03-30T10:24:29+00:00\",\"mainEntityOfPage\":{\"@id\":\"https:\\\/\\\/www.thepilule.com\\\/ar\\\/?p=2960\"},\"wordCount\":598,\"commentCount\":0,\"publisher\":{\"@id\":\"https:\\\/\\\/www.thepilule.com\\\/#organization\"},\"image\":{\"@id\":\"https:\\\/\\\/www.thepilule.com\\\/ar\\\/?p=2960#primaryimage\"},\"thumbnailUrl\":\"https:\\\/\\\/www.thepilule.com\\\/wp-content\\\/uploads\\\/2024\\\/03\\\/rtr1iqdn_0af7cb1439-scaled.jpg\",\"keywords\":[\"Desigualdades Sociales\",\"Francia Perif\u00e9rica\",\"Geograf\u00eda\",\"Pol\u00edticas P\u00fablicas\",\"Solidaridad Nacional\"],\"articleSection\":[\"Maudin Malin\"],\"inLanguage\":\"es\",\"potentialAction\":[{\"@type\":\"CommentAction\",\"name\":\"Comment\",\"target\":[\"https:\\\/\\\/www.thepilule.com\\\/ar\\\/?p=2960#respond\"]}]},{\"@type\":\"WebPage\",\"@id\":\"https:\\\/\\\/www.thepilule.com\\\/ar\\\/?p=2960\",\"url\":\"https:\\\/\\\/www.thepilule.com\\\/ar\\\/?p=2960\",\"name\":\"La Francia Perif\u00e9rica: Una Nueva Perspectiva sobre la Fractura Social - The Pilule\",\"isPartOf\":{\"@id\":\"https:\\\/\\\/www.thepilule.com\\\/#website\"},\"primaryImageOfPage\":{\"@id\":\"https:\\\/\\\/www.thepilule.com\\\/ar\\\/?p=2960#primaryimage\"},\"image\":{\"@id\":\"https:\\\/\\\/www.thepilule.com\\\/ar\\\/?p=2960#primaryimage\"},\"thumbnailUrl\":\"https:\\\/\\\/www.thepilule.com\\\/wp-content\\\/uploads\\\/2024\\\/03\\\/rtr1iqdn_0af7cb1439-scaled.jpg\",\"datePublished\":\"2024-03-30T10:13:44+00:00\",\"dateModified\":\"2024-03-30T10:24:29+00:00\",\"description\":\"El trabajo \\\"La Francia Perif\u00e9rica\\\" de Christophe Guilluy desaf\u00eda la representaci\u00f3n tradicional de las desigualdades sociales en Francia, centrada en los suburbios y las minor\u00edas \u00e9tnicas. A trav\u00e9s de un enfoque geogr\u00e1fico riguroso, Guilluy revela que la verdadera divisi\u00f3n socioecon\u00f3mica separa las metr\u00f3polis, integradas a la econom\u00eda globalizada y benefici\u00e1ndose de un dinamismo econ\u00f3mico, de la Francia Perif\u00e9rica, que agrupa a la mayor\u00eda de la poblaci\u00f3n pero est\u00e1 marcada por un aislamiento y una precariedad crecientes. Esta brecha subraya la urgencia de una revisi\u00f3n de las pol\u00edticas p\u00fablicas para reconocer y abordar las disparidades regionales. El an\u00e1lisis de Guilluy llama a un renacimiento de la solidaridad nacional, teniendo en cuenta las realidades geogr\u00e1ficas de todos los componentes de la sociedad francesa.\",\"breadcrumb\":{\"@id\":\"https:\\\/\\\/www.thepilule.com\\\/ar\\\/?p=2960#breadcrumb\"},\"inLanguage\":\"es\",\"potentialAction\":[{\"@type\":\"ReadAction\",\"target\":[\"https:\\\/\\\/www.thepilule.com\\\/ar\\\/?p=2960\"]}]},{\"@type\":\"ImageObject\",\"inLanguage\":\"es\",\"@id\":\"https:\\\/\\\/www.thepilule.com\\\/ar\\\/?p=2960#primaryimage\",\"url\":\"https:\\\/\\\/www.thepilule.com\\\/wp-content\\\/uploads\\\/2024\\\/03\\\/rtr1iqdn_0af7cb1439-scaled.jpg\",\"contentUrl\":\"https:\\\/\\\/www.thepilule.com\\\/wp-content\\\/uploads\\\/2024\\\/03\\\/rtr1iqdn_0af7cb1439-scaled.jpg\",\"width\":2560,\"height\":1718},{\"@type\":\"BreadcrumbList\",\"@id\":\"https:\\\/\\\/www.thepilule.com\\\/ar\\\/?p=2960#breadcrumb\",\"itemListElement\":[{\"@type\":\"ListItem\",\"position\":1,\"name\":\"Home\",\"item\":\"https:\\\/\\\/www.thepilule.com\\\/es\\\/\"},{\"@type\":\"ListItem\",\"position\":2,\"name\":\"La Francia Perif\u00e9rica: Una Nueva Perspectiva sobre la Fractura Social\"}]},{\"@type\":\"WebSite\",\"@id\":\"https:\\\/\\\/www.thepilule.com\\\/#website\",\"url\":\"https:\\\/\\\/www.thepilule.com\\\/\",\"name\":\"The Pilule\",\"description\":\"Votre pilule rouge de conscience\",\"publisher\":{\"@id\":\"https:\\\/\\\/www.thepilule.com\\\/#organization\"},\"potentialAction\":[{\"@type\":\"SearchAction\",\"target\":{\"@type\":\"EntryPoint\",\"urlTemplate\":\"https:\\\/\\\/www.thepilule.com\\\/?s={search_term_string}\"},\"query-input\":{\"@type\":\"PropertyValueSpecification\",\"valueRequired\":true,\"valueName\":\"search_term_string\"}}],\"inLanguage\":\"es\"},{\"@type\":\"Organization\",\"@id\":\"https:\\\/\\\/www.thepilule.com\\\/#organization\",\"name\":\"The Pilule\",\"url\":\"https:\\\/\\\/www.thepilule.com\\\/\",\"logo\":{\"@type\":\"ImageObject\",\"inLanguage\":\"es\",\"@id\":\"https:\\\/\\\/www.thepilule.com\\\/#\\\/schema\\\/logo\\\/image\\\/\",\"url\":\"https:\\\/\\\/www.thepilule.com\\\/wp-content\\\/uploads\\\/2024\\\/01\\\/Flavicon-thepilule.png\",\"contentUrl\":\"https:\\\/\\\/www.thepilule.com\\\/wp-content\\\/uploads\\\/2024\\\/01\\\/Flavicon-thepilule.png\",\"width\":500,\"height\":500,\"caption\":\"The Pilule\"},\"image\":{\"@id\":\"https:\\\/\\\/www.thepilule.com\\\/#\\\/schema\\\/logo\\\/image\\\/\"},\"sameAs\":[\"https:\\\/\\\/www.facebook.com\\\/the.pilule\",\"https:\\\/\\\/x.com\\\/thepilule\",\"https:\\\/\\\/tiktok.com\\\/@the.pilule\",\"https:\\\/\\\/www.youtube.com\\\/@the.pilule\",\"https:\\\/\\\/www.instagram.com\\\/the.pilule\"],\"publishingPrinciples\":\"https:\\\/\\\/www.thepilule.com\\\/\"},{\"@type\":\"Person\",\"@id\":\"https:\\\/\\\/www.thepilule.com\\\/#\\\/schema\\\/person\\\/ce9f678c80e52c47616a1e87d45569c5\",\"name\":\"Moderateur\",\"image\":{\"@type\":\"ImageObject\",\"inLanguage\":\"es\",\"@id\":\"\\\/\\\/www.gravatar.com\\\/avatar\\\/882773b6eb71e31b59fc708b3ca22962?s=96&#038;r=g&#038;d=mm\",\"url\":\"\\\/\\\/www.gravatar.com\\\/avatar\\\/882773b6eb71e31b59fc708b3ca22962?s=96&#038;r=g&#038;d=mm\",\"contentUrl\":\"\\\/\\\/www.gravatar.com\\\/avatar\\\/882773b6eb71e31b59fc708b3ca22962?s=96&#038;r=g&#038;d=mm\",\"caption\":\"Moderateur\"},\"description\":\"Bienvenue | Welcome | Bienvenido | \u0645\u0631\u062d\u0628\u064b\u0627 \ud83c\uddeb\ud83c\uddf7 D\u00e9couvrez la philosophie, le sto\u00efcisme et le d\u00e9veloppement personnel. Joignez-vous \u00e0 moi pour explorer la vie, la vertu et le potentiel humain. \ud83c\uddec\ud83c\udde7 Discover philosophy, stoicism, and personal development. Join me to explore life, virtue, and human potential. \ud83c\uddea\ud83c\uddf8 Descubre la filosof\u00eda, el estoicismo y el desarrollo personal. \u00danete a m\u00ed para explorar la vida, la virtud y el potencial humano. \ud83c\udde6\ud83c\uddea \u0627\u0643\u062a\u0634\u0641 \u0627\u0644\u0641\u0644\u0633\u0641\u0629 \u0648\u0627\u0644\u0627\u0633\u062a\u0648\u0627\u0626\u064a\u0629 \u0648\u0627\u0644\u062a\u0637\u0648\u064a\u0631 \u0627\u0644\u0634\u062e\u0635\u064a. \u0627\u0646\u0636\u0645 \u0625\u0644\u064a\u0651 \u0644\u0627\u0633\u062a\u0643\u0634\u0627\u0641 \u0627\u0644\u062d\u064a\u0627\u0629\u060c \u0648\u0627\u0644\u0641\u0636\u064a\u0644\u0629\u060c \u0648\u0627\u0644\u0625\u0645\u0643\u0627\u0646\u064a\u0627\u062a \u0627\u0644\u0628\u0634\u0631\u064a\u0629.\",\"sameAs\":[\"https:\\\/\\\/www.thepilule.com\",\"https:\\\/\\\/www.facebook.com\\\/the.pilule\",\"https:\\\/\\\/www.instagram.com\\\/the.pilule\",\"https:\\\/\\\/linkedin.com\\\/company\\\/thepilule\",\"https:\\\/\\\/www.pinterest.fr\\\/thepilule\",\"https:\\\/\\\/x.com\\\/https:\\\/\\\/www.twitter.com\\\/thepilule\",\"https:\\\/\\\/www.youtube.com\\\/@the.pilule\"],\"honorificPrefix\":\"Le\",\"honorificSuffix\":\"Philo\",\"gender\":\"homme\",\"award\":[\"Po\u00e9sie\",\"Litt\u00e9rature\"],\"knowsLanguage\":[\"Fran\u00e7ais\",\"Anglais\",\"Arabe\",\"Espagnol\"],\"jobTitle\":\"Po\u00e9tique\",\"worksFor\":\"The Pilule\",\"url\":\"https:\\\/\\\/www.thepilule.com\\\/es\\\/author\\\/moderateur\\\/\"}]}<\/script>\n<!-- \/ Yoast SEO Premium plugin. -->","yoast_head_json":{"title":"La Francia Perif\u00e9rica: Una Nueva Perspectiva sobre la Fractura Social - The Pilule","description":"El trabajo \"La Francia Perif\u00e9rica\" de Christophe Guilluy desaf\u00eda la representaci\u00f3n tradicional de las desigualdades sociales en Francia, centrada en los suburbios y las minor\u00edas \u00e9tnicas. A trav\u00e9s de un enfoque geogr\u00e1fico riguroso, Guilluy revela que la verdadera divisi\u00f3n socioecon\u00f3mica separa las metr\u00f3polis, integradas a la econom\u00eda globalizada y benefici\u00e1ndose de un dinamismo econ\u00f3mico, de la Francia Perif\u00e9rica, que agrupa a la mayor\u00eda de la poblaci\u00f3n pero est\u00e1 marcada por un aislamiento y una precariedad crecientes. Esta brecha subraya la urgencia de una revisi\u00f3n de las pol\u00edticas p\u00fablicas para reconocer y abordar las disparidades regionales. El an\u00e1lisis de Guilluy llama a un renacimiento de la solidaridad nacional, teniendo en cuenta las realidades geogr\u00e1ficas de todos los componentes de la sociedad francesa.","robots":{"index":"index","follow":"follow","max-snippet":"max-snippet:-1","max-image-preview":"max-image-preview:large","max-video-preview":"max-video-preview:-1"},"canonical":"https:\/\/www.thepilule.com\/ar\/?p=2960","og_locale":"es_ES","og_type":"article","og_title":"La Francia Perif\u00e9rica: Una Nueva Perspectiva sobre la Fractura Social","og_description":"El trabajo \"La Francia Perif\u00e9rica\" de Christophe Guilluy desaf\u00eda la representaci\u00f3n tradicional de las desigualdades sociales en Francia, centrada en los suburbios y las minor\u00edas \u00e9tnicas. A trav\u00e9s de un enfoque geogr\u00e1fico riguroso, Guilluy revela que la verdadera divisi\u00f3n socioecon\u00f3mica separa las metr\u00f3polis, integradas a la econom\u00eda globalizada y benefici\u00e1ndose de un dinamismo econ\u00f3mico, de la Francia Perif\u00e9rica, que agrupa a la mayor\u00eda de la poblaci\u00f3n pero est\u00e1 marcada por un aislamiento y una precariedad crecientes. Esta brecha subraya la urgencia de una revisi\u00f3n de las pol\u00edticas p\u00fablicas para reconocer y abordar las disparidades regionales. El an\u00e1lisis de Guilluy llama a un renacimiento de la solidaridad nacional, teniendo en cuenta las realidades geogr\u00e1ficas de todos los componentes de la sociedad francesa.","og_url":"https:\/\/www.thepilule.com\/ar\/?p=2960","og_site_name":"The Pilule","article_publisher":"https:\/\/www.facebook.com\/the.pilule","article_author":"https:\/\/www.facebook.com\/the.pilule","article_published_time":"2024-03-30T10:13:44+00:00","article_modified_time":"2024-03-30T10:24:29+00:00","og_image":[{"width":2560,"height":1718,"url":"https:\/\/www.thepilule.com\/wp-content\/uploads\/2024\/03\/rtr1iqdn_0af7cb1439-scaled.jpg","type":"image\/jpeg"}],"author":"Moderateur","twitter_card":"summary_large_image","twitter_description":"El trabajo \"La Francia Perif\u00e9rica\" de Christophe Guilluy desaf\u00eda la representaci\u00f3n tradicional de las desigualdades sociales en Francia, centrada en los suburbios y las minor\u00edas \u00e9tnicas. A trav\u00e9s de un enfoque geogr\u00e1fico riguroso, Guilluy revela que la verdadera divisi\u00f3n socioecon\u00f3mica separa las metr\u00f3polis, integradas a la econom\u00eda globalizada y benefici\u00e1ndose de un dinamismo econ\u00f3mico, de la Francia Perif\u00e9rica, que agrupa a la mayor\u00eda de la poblaci\u00f3n pero est\u00e1 marcada por un aislamiento y una precariedad crecientes. Esta brecha subraya la urgencia de una revisi\u00f3n de las pol\u00edticas p\u00fablicas para reconocer y abordar las disparidades regionales. El an\u00e1lisis de Guilluy llama a un renacimiento de la solidaridad nacional, teniendo en cuenta las realidades geogr\u00e1ficas de todos los componentes de la sociedad francesa.","twitter_creator":"@https:\/\/www.twitter.com\/thepilule","twitter_site":"@thepilule","twitter_misc":{"Escrito por":"Moderateur<span class=\"bp-verified-badge\"><\/span>","Tiempo de lectura":"3 minutos"},"schema":{"@context":"https:\/\/schema.org","@graph":[{"@type":"Article","@id":"https:\/\/www.thepilule.com\/ar\/?p=2960#article","isPartOf":{"@id":"https:\/\/www.thepilule.com\/ar\/?p=2960"},"author":{"name":"Moderateur","@id":"https:\/\/www.thepilule.com\/#\/schema\/person\/ce9f678c80e52c47616a1e87d45569c5"},"headline":"La Francia Perif\u00e9rica: Una Nueva Perspectiva sobre la Fractura Social","datePublished":"2024-03-30T10:13:44+00:00","dateModified":"2024-03-30T10:24:29+00:00","mainEntityOfPage":{"@id":"https:\/\/www.thepilule.com\/ar\/?p=2960"},"wordCount":598,"commentCount":0,"publisher":{"@id":"https:\/\/www.thepilule.com\/#organization"},"image":{"@id":"https:\/\/www.thepilule.com\/ar\/?p=2960#primaryimage"},"thumbnailUrl":"https:\/\/www.thepilule.com\/wp-content\/uploads\/2024\/03\/rtr1iqdn_0af7cb1439-scaled.jpg","keywords":["Desigualdades Sociales","Francia Perif\u00e9rica","Geograf\u00eda","Pol\u00edticas P\u00fablicas","Solidaridad Nacional"],"articleSection":["Maudin Malin"],"inLanguage":"es","potentialAction":[{"@type":"CommentAction","name":"Comment","target":["https:\/\/www.thepilule.com\/ar\/?p=2960#respond"]}]},{"@type":"WebPage","@id":"https:\/\/www.thepilule.com\/ar\/?p=2960","url":"https:\/\/www.thepilule.com\/ar\/?p=2960","name":"La Francia Perif\u00e9rica: Una Nueva Perspectiva sobre la Fractura Social - The Pilule","isPartOf":{"@id":"https:\/\/www.thepilule.com\/#website"},"primaryImageOfPage":{"@id":"https:\/\/www.thepilule.com\/ar\/?p=2960#primaryimage"},"image":{"@id":"https:\/\/www.thepilule.com\/ar\/?p=2960#primaryimage"},"thumbnailUrl":"https:\/\/www.thepilule.com\/wp-content\/uploads\/2024\/03\/rtr1iqdn_0af7cb1439-scaled.jpg","datePublished":"2024-03-30T10:13:44+00:00","dateModified":"2024-03-30T10:24:29+00:00","description":"El trabajo \"La Francia Perif\u00e9rica\" de Christophe Guilluy desaf\u00eda la representaci\u00f3n tradicional de las desigualdades sociales en Francia, centrada en los suburbios y las minor\u00edas \u00e9tnicas. A trav\u00e9s de un enfoque geogr\u00e1fico riguroso, Guilluy revela que la verdadera divisi\u00f3n socioecon\u00f3mica separa las metr\u00f3polis, integradas a la econom\u00eda globalizada y benefici\u00e1ndose de un dinamismo econ\u00f3mico, de la Francia Perif\u00e9rica, que agrupa a la mayor\u00eda de la poblaci\u00f3n pero est\u00e1 marcada por un aislamiento y una precariedad crecientes. Esta brecha subraya la urgencia de una revisi\u00f3n de las pol\u00edticas p\u00fablicas para reconocer y abordar las disparidades regionales. El an\u00e1lisis de Guilluy llama a un renacimiento de la solidaridad nacional, teniendo en cuenta las realidades geogr\u00e1ficas de todos los componentes de la sociedad francesa.","breadcrumb":{"@id":"https:\/\/www.thepilule.com\/ar\/?p=2960#breadcrumb"},"inLanguage":"es","potentialAction":[{"@type":"ReadAction","target":["https:\/\/www.thepilule.com\/ar\/?p=2960"]}]},{"@type":"ImageObject","inLanguage":"es","@id":"https:\/\/www.thepilule.com\/ar\/?p=2960#primaryimage","url":"https:\/\/www.thepilule.com\/wp-content\/uploads\/2024\/03\/rtr1iqdn_0af7cb1439-scaled.jpg","contentUrl":"https:\/\/www.thepilule.com\/wp-content\/uploads\/2024\/03\/rtr1iqdn_0af7cb1439-scaled.jpg","width":2560,"height":1718},{"@type":"BreadcrumbList","@id":"https:\/\/www.thepilule.com\/ar\/?p=2960#breadcrumb","itemListElement":[{"@type":"ListItem","position":1,"name":"Home","item":"https:\/\/www.thepilule.com\/es\/"},{"@type":"ListItem","position":2,"name":"La Francia Perif\u00e9rica: Una Nueva Perspectiva sobre la Fractura Social"}]},{"@type":"WebSite","@id":"https:\/\/www.thepilule.com\/#website","url":"https:\/\/www.thepilule.com\/","name":"The Pilule","description":"Votre pilule rouge de conscience","publisher":{"@id":"https:\/\/www.thepilule.com\/#organization"},"potentialAction":[{"@type":"SearchAction","target":{"@type":"EntryPoint","urlTemplate":"https:\/\/www.thepilule.com\/?s={search_term_string}"},"query-input":{"@type":"PropertyValueSpecification","valueRequired":true,"valueName":"search_term_string"}}],"inLanguage":"es"},{"@type":"Organization","@id":"https:\/\/www.thepilule.com\/#organization","name":"The Pilule","url":"https:\/\/www.thepilule.com\/","logo":{"@type":"ImageObject","inLanguage":"es","@id":"https:\/\/www.thepilule.com\/#\/schema\/logo\/image\/","url":"https:\/\/www.thepilule.com\/wp-content\/uploads\/2024\/01\/Flavicon-thepilule.png","contentUrl":"https:\/\/www.thepilule.com\/wp-content\/uploads\/2024\/01\/Flavicon-thepilule.png","width":500,"height":500,"caption":"The Pilule"},"image":{"@id":"https:\/\/www.thepilule.com\/#\/schema\/logo\/image\/"},"sameAs":["https:\/\/www.facebook.com\/the.pilule","https:\/\/x.com\/thepilule","https:\/\/tiktok.com\/@the.pilule","https:\/\/www.youtube.com\/@the.pilule","https:\/\/www.instagram.com\/the.pilule"],"publishingPrinciples":"https:\/\/www.thepilule.com\/"},{"@type":"Person","@id":"https:\/\/www.thepilule.com\/#\/schema\/person\/ce9f678c80e52c47616a1e87d45569c5","name":"Moderateur","image":{"@type":"ImageObject","inLanguage":"es","@id":"\/\/www.gravatar.com\/avatar\/882773b6eb71e31b59fc708b3ca22962?s=96&#038;r=g&#038;d=mm","url":"\/\/www.gravatar.com\/avatar\/882773b6eb71e31b59fc708b3ca22962?s=96&#038;r=g&#038;d=mm","contentUrl":"\/\/www.gravatar.com\/avatar\/882773b6eb71e31b59fc708b3ca22962?s=96&#038;r=g&#038;d=mm","caption":"Moderateur"},"description":"Bienvenue | Welcome | Bienvenido | \u0645\u0631\u062d\u0628\u064b\u0627 \ud83c\uddeb\ud83c\uddf7 D\u00e9couvrez la philosophie, le sto\u00efcisme et le d\u00e9veloppement personnel. Joignez-vous \u00e0 moi pour explorer la vie, la vertu et le potentiel humain. \ud83c\uddec\ud83c\udde7 Discover philosophy, stoicism, and personal development. Join me to explore life, virtue, and human potential. \ud83c\uddea\ud83c\uddf8 Descubre la filosof\u00eda, el estoicismo y el desarrollo personal. \u00danete a m\u00ed para explorar la vida, la virtud y el potencial humano. \ud83c\udde6\ud83c\uddea \u0627\u0643\u062a\u0634\u0641 \u0627\u0644\u0641\u0644\u0633\u0641\u0629 \u0648\u0627\u0644\u0627\u0633\u062a\u0648\u0627\u0626\u064a\u0629 \u0648\u0627\u0644\u062a\u0637\u0648\u064a\u0631 \u0627\u0644\u0634\u062e\u0635\u064a. \u0627\u0646\u0636\u0645 \u0625\u0644\u064a\u0651 \u0644\u0627\u0633\u062a\u0643\u0634\u0627\u0641 \u0627\u0644\u062d\u064a\u0627\u0629\u060c \u0648\u0627\u0644\u0641\u0636\u064a\u0644\u0629\u060c \u0648\u0627\u0644\u0625\u0645\u0643\u0627\u0646\u064a\u0627\u062a \u0627\u0644\u0628\u0634\u0631\u064a\u0629.","sameAs":["https:\/\/www.thepilule.com","https:\/\/www.facebook.com\/the.pilule","https:\/\/www.instagram.com\/the.pilule","https:\/\/linkedin.com\/company\/thepilule","https:\/\/www.pinterest.fr\/thepilule","https:\/\/x.com\/https:\/\/www.twitter.com\/thepilule","https:\/\/www.youtube.com\/@the.pilule"],"honorificPrefix":"Le","honorificSuffix":"Philo","gender":"homme","award":["Po\u00e9sie","Litt\u00e9rature"],"knowsLanguage":["Fran\u00e7ais","Anglais","Arabe","Espagnol"],"jobTitle":"Po\u00e9tique","worksFor":"The Pilule","url":"https:\/\/www.thepilule.com\/es\/author\/moderateur\/"}]}},"jetpack_featured_media_url":"https:\/\/www.thepilule.com\/wp-content\/uploads\/2024\/03\/rtr1iqdn_0af7cb1439-scaled.jpg","jetpack_sharing_enabled":true,"_links":{"self":[{"href":"https:\/\/www.thepilule.com\/es\/wp-json\/wp\/v2\/posts\/2956","targetHints":{"allow":["GET"]}}],"collection":[{"href":"https:\/\/www.thepilule.com\/es\/wp-json\/wp\/v2\/posts"}],"about":[{"href":"https:\/\/www.thepilule.com\/es\/wp-json\/wp\/v2\/types\/post"}],"author":[{"embeddable":true,"href":"https:\/\/www.thepilule.com\/es\/wp-json\/wp\/v2\/users\/1"}],"replies":[{"embeddable":true,"href":"https:\/\/www.thepilule.com\/es\/wp-json\/wp\/v2\/comments?post=2956"}],"version-history":[{"count":2,"href":"https:\/\/www.thepilule.com\/es\/wp-json\/wp\/v2\/posts\/2956\/revisions"}],"predecessor-version":[{"id":2959,"href":"https:\/\/www.thepilule.com\/es\/wp-json\/wp\/v2\/posts\/2956\/revisions\/2959"}],"wp:featuredmedia":[{"embeddable":true,"href":"https:\/\/www.thepilule.com\/es\/wp-json\/wp\/v2\/media\/2954"}],"wp:attachment":[{"href":"https:\/\/www.thepilule.com\/es\/wp-json\/wp\/v2\/media?parent=2956"}],"wp:term":[{"taxonomy":"category","embeddable":true,"href":"https:\/\/www.thepilule.com\/es\/wp-json\/wp\/v2\/categories?post=2956"},{"taxonomy":"post_tag","embeddable":true,"href":"https:\/\/www.thepilule.com\/es\/wp-json\/wp\/v2\/tags?post=2956"}],"curies":[{"name":"wp","href":"https:\/\/api.w.org\/{rel}","templated":true}]}}