{"id":3916,"date":"2024-07-30T00:08:57","date_gmt":"2024-07-30T00:08:57","guid":{"rendered":"https:\/\/www.thepilule.com\/?p=3916"},"modified":"2024-07-30T00:15:51","modified_gmt":"2024-07-30T00:15:51","slug":"enfermedad-mental-en-japon-de-la-estigmatizacion-a-la-estetizacion","status":"publish","type":"post","link":"https:\/\/www.thepilule.com\/es\/enfermedad-mental-en-japon-de-la-estigmatizacion-a-la-estetizacion\/","title":{"rendered":"Enfermedad Mental en Jap\u00f3n: De la Estigmatizaci\u00f3n a la Estetizaci\u00f3n"},"content":{"rendered":"<div class=\"flex-shrink-0 flex flex-col relative items-end\">\n<div>\n<div class=\"pt-0\">\n<div class=\"gizmo-bot-avatar flex h-8 w-8 items-center justify-center overflow-hidden rounded-full\">\n<div class=\"relative p-1 rounded-sm flex items-center justify-center bg-token-main-surface-primary text-token-text-primary h-8 w-8\">El tema de la <strong>salud mental<\/strong> en Jap\u00f3n est\u00e1 marcado por una historia compleja y a menudo dolorosa. En una sociedad donde la conformidad y las obligaciones sociales son omnipresentes, expresar el propio malestar se ve como una debilidad, incluso como pereza. Esto lleva a muchos japoneses a mantener su sufrimiento en secreto, creando una presi\u00f3n interna que, cuando se vuelve insoportable, puede llevar a resultados tr\u00e1gicos.<\/div>\n<\/div>\n<\/div>\n<\/div>\n<\/div>\n<div class=\"group\/conversation-turn relative flex w-full min-w-0 flex-col agent-turn\">\n<div class=\"flex-col gap-1 md:gap-3\">\n<div class=\"flex flex-grow flex-col max-w-full\">\n<div class=\"min-h-[20px] text-message flex w-full flex-col items-end gap-2 whitespace-pre-wrap break-words [.text-message+&amp;]:mt-5 overflow-x-auto\" dir=\"auto\" data-message-author-role=\"assistant\" data-message-id=\"8ee3a3e3-bcb4-4b92-b479-26384cfa2071\">\n<div class=\"flex w-full flex-col gap-1 empty:hidden first:pt-[3px]\">\n<div class=\"markdown prose w-full break-words dark:prose-invert dark\">\n<p>Hist\u00f3ricamente, los trastornos mentales en Jap\u00f3n a menudo se asociaban con creencias populares. Se consideraba que los enfermos mentales estaban pose\u00eddos por esp\u00edritus malignos y se trataban mediante m\u00e9todos rituales como oraciones y exorcismos. Estas pr\u00e1cticas persistieron hasta la era Meiji, cuando Jap\u00f3n comenz\u00f3 a abrirse a influencias occidentales, particularmente en el campo de la medicina.<\/p>\n<p>El tratamiento de los enfermos mentales ha evolucionado con el tiempo, pero el progreso ha sido lento y a menudo insuficiente. Las leyes promulgadas a principios del siglo XX, aunque introdujeron regulaciones, no necesariamente mejoraron las condiciones de vida de los pacientes. El <strong>sashiko<\/strong>, o confinamiento de los enfermos mentales en celdas dom\u00e9sticas, era una pr\u00e1ctica com\u00fan que persisti\u00f3 a pesar de las reformas. Fue solo despu\u00e9s de la Segunda Guerra Mundial cuando se hicieron esfuerzos m\u00e1s significativos para humanizar el tratamiento de los enfermos mentales, aunque estos esfuerzos siguen siendo insuficientes hasta hoy.<\/p>\n<p>Un ejemplo destacado de la dificultad en el manejo de la enfermedad mental en Jap\u00f3n es el caso del clan Soma. En 1879, Tomotane Soma, heredero de un poderoso clan samur\u00e1i, fue confinado en una celda familiar bajo el pretexto de locura. Este caso destac\u00f3 las deficiencias del sistema y llev\u00f3 a una reforma legislativa en 1900, pero los cambios concretos fueron m\u00ednimos.<\/p>\n<p>La marginaci\u00f3n de los enfermos mentales cre\u00f3 un terreno f\u00e9rtil para la estigmatizaci\u00f3n y la discriminaci\u00f3n. Los t\u00e9rminos usados para describir los trastornos mentales a menudo se convierten en insultos. Sin embargo, un fen\u00f3meno cultural parad\u00f3jico surgi\u00f3 a principios de los 2000: <strong>menhera<\/strong>. Este t\u00e9rmino, originalmente ben\u00e9volo, se convirti\u00f3 en un insulto para describir principalmente a mujeres percibidas como mentalmente inestables.<\/p>\n<p>Las <strong>menhera<\/strong> encarnan una nueva est\u00e9tica de la enfermedad mental, visible en la cultura popular y en las redes sociales. Estas j\u00f3venes utilizan su sufrimiento como una forma de expresi\u00f3n art\u00edstica, reclamando visiblemente su malestar, contrastando con la tradici\u00f3n de silencio y verg\u00fcenza. Sin embargo, detr\u00e1s de esta fachada est\u00e9tica se encuentra una dura realidad: la falta de apoyo y comprensi\u00f3n para los enfermos mentales en Jap\u00f3n.<\/p>\n<p>En conclusi\u00f3n, la salud mental en Jap\u00f3n sigue siendo un tema sensible y complejo. A pesar de algunos progresos, la estigmatizaci\u00f3n y la marginaci\u00f3n de los enfermos mentales persisten. El fen\u00f3meno <strong>menhera<\/strong> ilustra esta dualidad: un intento de reclamar la enfermedad mental que no logra ocultar la necesidad urgente de cambios sist\u00e9micos para brindar un apoyo genuino a quienes sufren de trastornos mentales.<\/p>\n<\/div>\n<\/div>\n<\/div>\n<\/div>\n<\/div>\n<\/div>\n","protected":false},"excerpt":{"rendered":"<p>En Jap\u00f3n, la enfermedad mental est\u00e1 profundamente estigmatizada, lo que hace que muchas personas sufran en silencio. A pesar de tradiciones y pr\u00e1cticas arcaicas, la sociedad japonesa contin\u00faa marginando a quienes padecen trastornos mentales. Parad\u00f3jicamente, est\u00e1 surgiendo una est\u00e9tica de la enfermedad mental, particularmente con el fen\u00f3meno \u00abmenhera\u00bb. Este art\u00edculo explora la historia, la estigmatizaci\u00f3n y la transformaci\u00f3n cultural en torno a la salud mental en Jap\u00f3n.<\/p>\n","protected":false},"author":1,"featured_media":3911,"comment_status":"open","ping_status":"open","sticky":false,"template":"","format":"standard","meta":{"_jetpack_memberships_contains_paid_content":false,"footnotes":""},"categories":[2309],"tags":[2426,2423,2425,2424,2384,476],"class_list":["post-3916","post","type-post","status-publish","format-standard","has-post-thumbnail","hentry","category-louis-san-es","tag-estetizacion-de-la-enfermedad-mental","tag-estigmatizacion-de-los-trastornos-mentales","tag-fenomeno-menhera","tag-historia-de-la-psiquiatria-en-japon","tag-japon","tag-salud-mental"],"yoast_head":"<!-- This site is optimized with the Yoast SEO Premium plugin v22.6 (Yoast SEO v27.5) - https:\/\/yoast.com\/product\/yoast-seo-premium-wordpress\/ -->\n<title>Enfermedad Mental en Jap\u00f3n: De la Estigmatizaci\u00f3n a la Estetizaci\u00f3n - The Pilule<\/title>\n<meta name=\"description\" content=\"En Jap\u00f3n, la enfermedad mental est\u00e1 profundamente estigmatizada, lo que hace que muchas personas sufran en silencio. A pesar de tradiciones y pr\u00e1cticas arcaicas, la sociedad japonesa contin\u00faa marginando a quienes padecen trastornos mentales. Parad\u00f3jicamente, est\u00e1 surgiendo una est\u00e9tica de la enfermedad mental, particularmente con el fen\u00f3meno &quot;menhera&quot;. Este art\u00edculo explora la historia, la estigmatizaci\u00f3n y la transformaci\u00f3n cultural en torno a la salud mental en Jap\u00f3n.\" \/>\n<meta name=\"robots\" content=\"index, follow, max-snippet:-1, max-image-preview:large, max-video-preview:-1\" \/>\n<link rel=\"canonical\" href=\"https:\/\/www.thepilule.com\/ar\/?p=3919\" \/>\n<meta property=\"og:locale\" content=\"es_ES\" \/>\n<meta property=\"og:type\" content=\"article\" \/>\n<meta property=\"og:title\" content=\"Enfermedad Mental en Jap\u00f3n: De la Estigmatizaci\u00f3n a la Estetizaci\u00f3n\" \/>\n<meta property=\"og:description\" content=\"En Jap\u00f3n, la enfermedad mental est\u00e1 profundamente estigmatizada, lo que hace que muchas personas sufran en silencio. A pesar de tradiciones y pr\u00e1cticas arcaicas, la sociedad japonesa contin\u00faa marginando a quienes padecen trastornos mentales. Parad\u00f3jicamente, est\u00e1 surgiendo una est\u00e9tica de la enfermedad mental, particularmente con el fen\u00f3meno &quot;menhera&quot;. Este art\u00edculo explora la historia, la estigmatizaci\u00f3n y la transformaci\u00f3n cultural en torno a la salud mental en Jap\u00f3n.\" \/>\n<meta property=\"og:url\" content=\"https:\/\/www.thepilule.com\/ar\/?p=3919\" \/>\n<meta property=\"og:site_name\" content=\"The Pilule\" \/>\n<meta property=\"article:publisher\" content=\"https:\/\/www.facebook.com\/the.pilule\" \/>\n<meta property=\"article:author\" content=\"https:\/\/www.facebook.com\/the.pilule\" \/>\n<meta property=\"article:published_time\" content=\"2024-07-30T00:08:57+00:00\" \/>\n<meta property=\"article:modified_time\" content=\"2024-07-30T00:15:51+00:00\" \/>\n<meta property=\"og:image\" content=\"https:\/\/www.thepilule.com\/wp-content\/uploads\/2024\/07\/maxresdefault-3-1.jpg\" \/>\n\t<meta property=\"og:image:width\" content=\"1280\" \/>\n\t<meta property=\"og:image:height\" content=\"720\" \/>\n\t<meta property=\"og:image:type\" content=\"image\/jpeg\" \/>\n<meta name=\"author\" content=\"Moderateur\" \/>\n<meta name=\"twitter:card\" content=\"summary_large_image\" \/>\n<meta name=\"twitter:description\" content=\"En Jap\u00f3n, la enfermedad mental est\u00e1 profundamente estigmatizada, lo que hace que muchas personas sufran en silencio. A pesar de tradiciones y pr\u00e1cticas arcaicas, la sociedad japonesa contin\u00faa marginando a quienes padecen trastornos mentales. Parad\u00f3jicamente, est\u00e1 surgiendo una est\u00e9tica de la enfermedad mental, particularmente con el fen\u00f3meno &quot;menhera&quot;. Este art\u00edculo explora la historia, la estigmatizaci\u00f3n y la transformaci\u00f3n cultural en torno a la salud mental en Jap\u00f3n.\" \/>\n<meta name=\"twitter:creator\" content=\"@https:\/\/www.twitter.com\/thepilule\" \/>\n<meta name=\"twitter:site\" content=\"@thepilule\" \/>\n<meta name=\"twitter:label1\" content=\"Escrito por\" \/>\n\t<meta name=\"twitter:data1\" content=\"Moderateur&lt;span class=&quot;bp-verified-badge&quot;&gt;&lt;\/span&gt;\" \/>\n\t<meta name=\"twitter:label2\" content=\"Tiempo de lectura\" \/>\n\t<meta name=\"twitter:data2\" content=\"3 minutos\" \/>\n<script type=\"application\/ld+json\" class=\"yoast-schema-graph\">{\"@context\":\"https:\\\/\\\/schema.org\",\"@graph\":[{\"@type\":\"Article\",\"@id\":\"https:\\\/\\\/www.thepilule.com\\\/ar\\\/?p=3919#article\",\"isPartOf\":{\"@id\":\"https:\\\/\\\/www.thepilule.com\\\/ar\\\/?p=3919\"},\"author\":{\"name\":\"Moderateur\",\"@id\":\"https:\\\/\\\/www.thepilule.com\\\/#\\\/schema\\\/person\\\/ce9f678c80e52c47616a1e87d45569c5\"},\"headline\":\"Enfermedad Mental en Jap\u00f3n: De la Estigmatizaci\u00f3n a la Estetizaci\u00f3n\",\"datePublished\":\"2024-07-30T00:08:57+00:00\",\"dateModified\":\"2024-07-30T00:15:51+00:00\",\"mainEntityOfPage\":{\"@id\":\"https:\\\/\\\/www.thepilule.com\\\/ar\\\/?p=3919\"},\"wordCount\":524,\"commentCount\":0,\"publisher\":{\"@id\":\"https:\\\/\\\/www.thepilule.com\\\/#organization\"},\"image\":{\"@id\":\"https:\\\/\\\/www.thepilule.com\\\/ar\\\/?p=3919#primaryimage\"},\"thumbnailUrl\":\"https:\\\/\\\/www.thepilule.com\\\/wp-content\\\/uploads\\\/2024\\\/07\\\/maxresdefault-3-1.jpg\",\"keywords\":[\"Estetizaci\u00f3n de la enfermedad mental\",\"Estigmatizaci\u00f3n de los trastornos mentales\",\"Fen\u00f3meno Menhera\",\"Historia de la psiquiatr\u00eda en Jap\u00f3n\",\"Jap\u00f3n\",\"salud mental\"],\"articleSection\":[\"Louis-San\"],\"inLanguage\":\"es\",\"potentialAction\":[{\"@type\":\"CommentAction\",\"name\":\"Comment\",\"target\":[\"https:\\\/\\\/www.thepilule.com\\\/ar\\\/?p=3919#respond\"]}]},{\"@type\":\"WebPage\",\"@id\":\"https:\\\/\\\/www.thepilule.com\\\/ar\\\/?p=3919\",\"url\":\"https:\\\/\\\/www.thepilule.com\\\/ar\\\/?p=3919\",\"name\":\"Enfermedad Mental en Jap\u00f3n: De la Estigmatizaci\u00f3n a la Estetizaci\u00f3n - The Pilule\",\"isPartOf\":{\"@id\":\"https:\\\/\\\/www.thepilule.com\\\/#website\"},\"primaryImageOfPage\":{\"@id\":\"https:\\\/\\\/www.thepilule.com\\\/ar\\\/?p=3919#primaryimage\"},\"image\":{\"@id\":\"https:\\\/\\\/www.thepilule.com\\\/ar\\\/?p=3919#primaryimage\"},\"thumbnailUrl\":\"https:\\\/\\\/www.thepilule.com\\\/wp-content\\\/uploads\\\/2024\\\/07\\\/maxresdefault-3-1.jpg\",\"datePublished\":\"2024-07-30T00:08:57+00:00\",\"dateModified\":\"2024-07-30T00:15:51+00:00\",\"description\":\"En Jap\u00f3n, la enfermedad mental est\u00e1 profundamente estigmatizada, lo que hace que muchas personas sufran en silencio. A pesar de tradiciones y pr\u00e1cticas arcaicas, la sociedad japonesa contin\u00faa marginando a quienes padecen trastornos mentales. Parad\u00f3jicamente, est\u00e1 surgiendo una est\u00e9tica de la enfermedad mental, particularmente con el fen\u00f3meno \\\"menhera\\\". Este art\u00edculo explora la historia, la estigmatizaci\u00f3n y la transformaci\u00f3n cultural en torno a la salud mental en Jap\u00f3n.\",\"breadcrumb\":{\"@id\":\"https:\\\/\\\/www.thepilule.com\\\/ar\\\/?p=3919#breadcrumb\"},\"inLanguage\":\"es\",\"potentialAction\":[{\"@type\":\"ReadAction\",\"target\":[\"https:\\\/\\\/www.thepilule.com\\\/ar\\\/?p=3919\"]}]},{\"@type\":\"ImageObject\",\"inLanguage\":\"es\",\"@id\":\"https:\\\/\\\/www.thepilule.com\\\/ar\\\/?p=3919#primaryimage\",\"url\":\"https:\\\/\\\/www.thepilule.com\\\/wp-content\\\/uploads\\\/2024\\\/07\\\/maxresdefault-3-1.jpg\",\"contentUrl\":\"https:\\\/\\\/www.thepilule.com\\\/wp-content\\\/uploads\\\/2024\\\/07\\\/maxresdefault-3-1.jpg\",\"width\":1280,\"height\":720},{\"@type\":\"BreadcrumbList\",\"@id\":\"https:\\\/\\\/www.thepilule.com\\\/ar\\\/?p=3919#breadcrumb\",\"itemListElement\":[{\"@type\":\"ListItem\",\"position\":1,\"name\":\"Home\",\"item\":\"https:\\\/\\\/www.thepilule.com\\\/es\\\/\"},{\"@type\":\"ListItem\",\"position\":2,\"name\":\"Enfermedad Mental en Jap\u00f3n: De la Estigmatizaci\u00f3n a la Estetizaci\u00f3n\"}]},{\"@type\":\"WebSite\",\"@id\":\"https:\\\/\\\/www.thepilule.com\\\/#website\",\"url\":\"https:\\\/\\\/www.thepilule.com\\\/\",\"name\":\"The Pilule\",\"description\":\"Votre pilule rouge de conscience\",\"publisher\":{\"@id\":\"https:\\\/\\\/www.thepilule.com\\\/#organization\"},\"potentialAction\":[{\"@type\":\"SearchAction\",\"target\":{\"@type\":\"EntryPoint\",\"urlTemplate\":\"https:\\\/\\\/www.thepilule.com\\\/?s={search_term_string}\"},\"query-input\":{\"@type\":\"PropertyValueSpecification\",\"valueRequired\":true,\"valueName\":\"search_term_string\"}}],\"inLanguage\":\"es\"},{\"@type\":\"Organization\",\"@id\":\"https:\\\/\\\/www.thepilule.com\\\/#organization\",\"name\":\"The Pilule\",\"url\":\"https:\\\/\\\/www.thepilule.com\\\/\",\"logo\":{\"@type\":\"ImageObject\",\"inLanguage\":\"es\",\"@id\":\"https:\\\/\\\/www.thepilule.com\\\/#\\\/schema\\\/logo\\\/image\\\/\",\"url\":\"https:\\\/\\\/www.thepilule.com\\\/wp-content\\\/uploads\\\/2024\\\/01\\\/Flavicon-thepilule.png\",\"contentUrl\":\"https:\\\/\\\/www.thepilule.com\\\/wp-content\\\/uploads\\\/2024\\\/01\\\/Flavicon-thepilule.png\",\"width\":500,\"height\":500,\"caption\":\"The Pilule\"},\"image\":{\"@id\":\"https:\\\/\\\/www.thepilule.com\\\/#\\\/schema\\\/logo\\\/image\\\/\"},\"sameAs\":[\"https:\\\/\\\/www.facebook.com\\\/the.pilule\",\"https:\\\/\\\/x.com\\\/thepilule\",\"https:\\\/\\\/tiktok.com\\\/@the.pilule\",\"https:\\\/\\\/www.youtube.com\\\/@the.pilule\",\"https:\\\/\\\/www.instagram.com\\\/the.pilule\"],\"publishingPrinciples\":\"https:\\\/\\\/www.thepilule.com\\\/\"},{\"@type\":\"Person\",\"@id\":\"https:\\\/\\\/www.thepilule.com\\\/#\\\/schema\\\/person\\\/ce9f678c80e52c47616a1e87d45569c5\",\"name\":\"Moderateur\",\"image\":{\"@type\":\"ImageObject\",\"inLanguage\":\"es\",\"@id\":\"\\\/\\\/www.gravatar.com\\\/avatar\\\/882773b6eb71e31b59fc708b3ca22962?s=96&#038;r=g&#038;d=mm\",\"url\":\"\\\/\\\/www.gravatar.com\\\/avatar\\\/882773b6eb71e31b59fc708b3ca22962?s=96&#038;r=g&#038;d=mm\",\"contentUrl\":\"\\\/\\\/www.gravatar.com\\\/avatar\\\/882773b6eb71e31b59fc708b3ca22962?s=96&#038;r=g&#038;d=mm\",\"caption\":\"Moderateur\"},\"description\":\"Bienvenue | Welcome | Bienvenido | \u0645\u0631\u062d\u0628\u064b\u0627 \ud83c\uddeb\ud83c\uddf7 D\u00e9couvrez la philosophie, le sto\u00efcisme et le d\u00e9veloppement personnel. Joignez-vous \u00e0 moi pour explorer la vie, la vertu et le potentiel humain. \ud83c\uddec\ud83c\udde7 Discover philosophy, stoicism, and personal development. Join me to explore life, virtue, and human potential. \ud83c\uddea\ud83c\uddf8 Descubre la filosof\u00eda, el estoicismo y el desarrollo personal. \u00danete a m\u00ed para explorar la vida, la virtud y el potencial humano. \ud83c\udde6\ud83c\uddea \u0627\u0643\u062a\u0634\u0641 \u0627\u0644\u0641\u0644\u0633\u0641\u0629 \u0648\u0627\u0644\u0627\u0633\u062a\u0648\u0627\u0626\u064a\u0629 \u0648\u0627\u0644\u062a\u0637\u0648\u064a\u0631 \u0627\u0644\u0634\u062e\u0635\u064a. \u0627\u0646\u0636\u0645 \u0625\u0644\u064a\u0651 \u0644\u0627\u0633\u062a\u0643\u0634\u0627\u0641 \u0627\u0644\u062d\u064a\u0627\u0629\u060c \u0648\u0627\u0644\u0641\u0636\u064a\u0644\u0629\u060c \u0648\u0627\u0644\u0625\u0645\u0643\u0627\u0646\u064a\u0627\u062a \u0627\u0644\u0628\u0634\u0631\u064a\u0629.\",\"sameAs\":[\"https:\\\/\\\/www.thepilule.com\",\"https:\\\/\\\/www.facebook.com\\\/the.pilule\",\"https:\\\/\\\/www.instagram.com\\\/the.pilule\",\"https:\\\/\\\/linkedin.com\\\/company\\\/thepilule\",\"https:\\\/\\\/www.pinterest.fr\\\/thepilule\",\"https:\\\/\\\/x.com\\\/https:\\\/\\\/www.twitter.com\\\/thepilule\",\"https:\\\/\\\/www.youtube.com\\\/@the.pilule\"],\"honorificPrefix\":\"Le\",\"honorificSuffix\":\"Philo\",\"gender\":\"homme\",\"award\":[\"Po\u00e9sie\",\"Litt\u00e9rature\"],\"knowsLanguage\":[\"Fran\u00e7ais\",\"Anglais\",\"Arabe\",\"Espagnol\"],\"jobTitle\":\"Po\u00e9tique\",\"worksFor\":\"The Pilule\",\"url\":\"https:\\\/\\\/www.thepilule.com\\\/es\\\/author\\\/moderateur\\\/\"}]}<\/script>\n<!-- \/ Yoast SEO Premium plugin. -->","yoast_head_json":{"title":"Enfermedad Mental en Jap\u00f3n: De la Estigmatizaci\u00f3n a la Estetizaci\u00f3n - The Pilule","description":"En Jap\u00f3n, la enfermedad mental est\u00e1 profundamente estigmatizada, lo que hace que muchas personas sufran en silencio. A pesar de tradiciones y pr\u00e1cticas arcaicas, la sociedad japonesa contin\u00faa marginando a quienes padecen trastornos mentales. Parad\u00f3jicamente, est\u00e1 surgiendo una est\u00e9tica de la enfermedad mental, particularmente con el fen\u00f3meno \"menhera\". Este art\u00edculo explora la historia, la estigmatizaci\u00f3n y la transformaci\u00f3n cultural en torno a la salud mental en Jap\u00f3n.","robots":{"index":"index","follow":"follow","max-snippet":"max-snippet:-1","max-image-preview":"max-image-preview:large","max-video-preview":"max-video-preview:-1"},"canonical":"https:\/\/www.thepilule.com\/ar\/?p=3919","og_locale":"es_ES","og_type":"article","og_title":"Enfermedad Mental en Jap\u00f3n: De la Estigmatizaci\u00f3n a la Estetizaci\u00f3n","og_description":"En Jap\u00f3n, la enfermedad mental est\u00e1 profundamente estigmatizada, lo que hace que muchas personas sufran en silencio. A pesar de tradiciones y pr\u00e1cticas arcaicas, la sociedad japonesa contin\u00faa marginando a quienes padecen trastornos mentales. Parad\u00f3jicamente, est\u00e1 surgiendo una est\u00e9tica de la enfermedad mental, particularmente con el fen\u00f3meno \"menhera\". Este art\u00edculo explora la historia, la estigmatizaci\u00f3n y la transformaci\u00f3n cultural en torno a la salud mental en Jap\u00f3n.","og_url":"https:\/\/www.thepilule.com\/ar\/?p=3919","og_site_name":"The Pilule","article_publisher":"https:\/\/www.facebook.com\/the.pilule","article_author":"https:\/\/www.facebook.com\/the.pilule","article_published_time":"2024-07-30T00:08:57+00:00","article_modified_time":"2024-07-30T00:15:51+00:00","og_image":[{"width":1280,"height":720,"url":"https:\/\/www.thepilule.com\/wp-content\/uploads\/2024\/07\/maxresdefault-3-1.jpg","type":"image\/jpeg"}],"author":"Moderateur","twitter_card":"summary_large_image","twitter_description":"En Jap\u00f3n, la enfermedad mental est\u00e1 profundamente estigmatizada, lo que hace que muchas personas sufran en silencio. A pesar de tradiciones y pr\u00e1cticas arcaicas, la sociedad japonesa contin\u00faa marginando a quienes padecen trastornos mentales. Parad\u00f3jicamente, est\u00e1 surgiendo una est\u00e9tica de la enfermedad mental, particularmente con el fen\u00f3meno \"menhera\". Este art\u00edculo explora la historia, la estigmatizaci\u00f3n y la transformaci\u00f3n cultural en torno a la salud mental en Jap\u00f3n.","twitter_creator":"@https:\/\/www.twitter.com\/thepilule","twitter_site":"@thepilule","twitter_misc":{"Escrito por":"Moderateur<span class=\"bp-verified-badge\"><\/span>","Tiempo de lectura":"3 minutos"},"schema":{"@context":"https:\/\/schema.org","@graph":[{"@type":"Article","@id":"https:\/\/www.thepilule.com\/ar\/?p=3919#article","isPartOf":{"@id":"https:\/\/www.thepilule.com\/ar\/?p=3919"},"author":{"name":"Moderateur","@id":"https:\/\/www.thepilule.com\/#\/schema\/person\/ce9f678c80e52c47616a1e87d45569c5"},"headline":"Enfermedad Mental en Jap\u00f3n: De la Estigmatizaci\u00f3n a la Estetizaci\u00f3n","datePublished":"2024-07-30T00:08:57+00:00","dateModified":"2024-07-30T00:15:51+00:00","mainEntityOfPage":{"@id":"https:\/\/www.thepilule.com\/ar\/?p=3919"},"wordCount":524,"commentCount":0,"publisher":{"@id":"https:\/\/www.thepilule.com\/#organization"},"image":{"@id":"https:\/\/www.thepilule.com\/ar\/?p=3919#primaryimage"},"thumbnailUrl":"https:\/\/www.thepilule.com\/wp-content\/uploads\/2024\/07\/maxresdefault-3-1.jpg","keywords":["Estetizaci\u00f3n de la enfermedad mental","Estigmatizaci\u00f3n de los trastornos mentales","Fen\u00f3meno Menhera","Historia de la psiquiatr\u00eda en Jap\u00f3n","Jap\u00f3n","salud mental"],"articleSection":["Louis-San"],"inLanguage":"es","potentialAction":[{"@type":"CommentAction","name":"Comment","target":["https:\/\/www.thepilule.com\/ar\/?p=3919#respond"]}]},{"@type":"WebPage","@id":"https:\/\/www.thepilule.com\/ar\/?p=3919","url":"https:\/\/www.thepilule.com\/ar\/?p=3919","name":"Enfermedad Mental en Jap\u00f3n: De la Estigmatizaci\u00f3n a la Estetizaci\u00f3n - The Pilule","isPartOf":{"@id":"https:\/\/www.thepilule.com\/#website"},"primaryImageOfPage":{"@id":"https:\/\/www.thepilule.com\/ar\/?p=3919#primaryimage"},"image":{"@id":"https:\/\/www.thepilule.com\/ar\/?p=3919#primaryimage"},"thumbnailUrl":"https:\/\/www.thepilule.com\/wp-content\/uploads\/2024\/07\/maxresdefault-3-1.jpg","datePublished":"2024-07-30T00:08:57+00:00","dateModified":"2024-07-30T00:15:51+00:00","description":"En Jap\u00f3n, la enfermedad mental est\u00e1 profundamente estigmatizada, lo que hace que muchas personas sufran en silencio. A pesar de tradiciones y pr\u00e1cticas arcaicas, la sociedad japonesa contin\u00faa marginando a quienes padecen trastornos mentales. Parad\u00f3jicamente, est\u00e1 surgiendo una est\u00e9tica de la enfermedad mental, particularmente con el fen\u00f3meno \"menhera\". Este art\u00edculo explora la historia, la estigmatizaci\u00f3n y la transformaci\u00f3n cultural en torno a la salud mental en Jap\u00f3n.","breadcrumb":{"@id":"https:\/\/www.thepilule.com\/ar\/?p=3919#breadcrumb"},"inLanguage":"es","potentialAction":[{"@type":"ReadAction","target":["https:\/\/www.thepilule.com\/ar\/?p=3919"]}]},{"@type":"ImageObject","inLanguage":"es","@id":"https:\/\/www.thepilule.com\/ar\/?p=3919#primaryimage","url":"https:\/\/www.thepilule.com\/wp-content\/uploads\/2024\/07\/maxresdefault-3-1.jpg","contentUrl":"https:\/\/www.thepilule.com\/wp-content\/uploads\/2024\/07\/maxresdefault-3-1.jpg","width":1280,"height":720},{"@type":"BreadcrumbList","@id":"https:\/\/www.thepilule.com\/ar\/?p=3919#breadcrumb","itemListElement":[{"@type":"ListItem","position":1,"name":"Home","item":"https:\/\/www.thepilule.com\/es\/"},{"@type":"ListItem","position":2,"name":"Enfermedad Mental en Jap\u00f3n: De la Estigmatizaci\u00f3n a la Estetizaci\u00f3n"}]},{"@type":"WebSite","@id":"https:\/\/www.thepilule.com\/#website","url":"https:\/\/www.thepilule.com\/","name":"The Pilule","description":"Votre pilule rouge de conscience","publisher":{"@id":"https:\/\/www.thepilule.com\/#organization"},"potentialAction":[{"@type":"SearchAction","target":{"@type":"EntryPoint","urlTemplate":"https:\/\/www.thepilule.com\/?s={search_term_string}"},"query-input":{"@type":"PropertyValueSpecification","valueRequired":true,"valueName":"search_term_string"}}],"inLanguage":"es"},{"@type":"Organization","@id":"https:\/\/www.thepilule.com\/#organization","name":"The Pilule","url":"https:\/\/www.thepilule.com\/","logo":{"@type":"ImageObject","inLanguage":"es","@id":"https:\/\/www.thepilule.com\/#\/schema\/logo\/image\/","url":"https:\/\/www.thepilule.com\/wp-content\/uploads\/2024\/01\/Flavicon-thepilule.png","contentUrl":"https:\/\/www.thepilule.com\/wp-content\/uploads\/2024\/01\/Flavicon-thepilule.png","width":500,"height":500,"caption":"The Pilule"},"image":{"@id":"https:\/\/www.thepilule.com\/#\/schema\/logo\/image\/"},"sameAs":["https:\/\/www.facebook.com\/the.pilule","https:\/\/x.com\/thepilule","https:\/\/tiktok.com\/@the.pilule","https:\/\/www.youtube.com\/@the.pilule","https:\/\/www.instagram.com\/the.pilule"],"publishingPrinciples":"https:\/\/www.thepilule.com\/"},{"@type":"Person","@id":"https:\/\/www.thepilule.com\/#\/schema\/person\/ce9f678c80e52c47616a1e87d45569c5","name":"Moderateur","image":{"@type":"ImageObject","inLanguage":"es","@id":"\/\/www.gravatar.com\/avatar\/882773b6eb71e31b59fc708b3ca22962?s=96&#038;r=g&#038;d=mm","url":"\/\/www.gravatar.com\/avatar\/882773b6eb71e31b59fc708b3ca22962?s=96&#038;r=g&#038;d=mm","contentUrl":"\/\/www.gravatar.com\/avatar\/882773b6eb71e31b59fc708b3ca22962?s=96&#038;r=g&#038;d=mm","caption":"Moderateur"},"description":"Bienvenue | Welcome | Bienvenido | \u0645\u0631\u062d\u0628\u064b\u0627 \ud83c\uddeb\ud83c\uddf7 D\u00e9couvrez la philosophie, le sto\u00efcisme et le d\u00e9veloppement personnel. Joignez-vous \u00e0 moi pour explorer la vie, la vertu et le potentiel humain. \ud83c\uddec\ud83c\udde7 Discover philosophy, stoicism, and personal development. Join me to explore life, virtue, and human potential. \ud83c\uddea\ud83c\uddf8 Descubre la filosof\u00eda, el estoicismo y el desarrollo personal. \u00danete a m\u00ed para explorar la vida, la virtud y el potencial humano. \ud83c\udde6\ud83c\uddea \u0627\u0643\u062a\u0634\u0641 \u0627\u0644\u0641\u0644\u0633\u0641\u0629 \u0648\u0627\u0644\u0627\u0633\u062a\u0648\u0627\u0626\u064a\u0629 \u0648\u0627\u0644\u062a\u0637\u0648\u064a\u0631 \u0627\u0644\u0634\u062e\u0635\u064a. \u0627\u0646\u0636\u0645 \u0625\u0644\u064a\u0651 \u0644\u0627\u0633\u062a\u0643\u0634\u0627\u0641 \u0627\u0644\u062d\u064a\u0627\u0629\u060c \u0648\u0627\u0644\u0641\u0636\u064a\u0644\u0629\u060c \u0648\u0627\u0644\u0625\u0645\u0643\u0627\u0646\u064a\u0627\u062a \u0627\u0644\u0628\u0634\u0631\u064a\u0629.","sameAs":["https:\/\/www.thepilule.com","https:\/\/www.facebook.com\/the.pilule","https:\/\/www.instagram.com\/the.pilule","https:\/\/linkedin.com\/company\/thepilule","https:\/\/www.pinterest.fr\/thepilule","https:\/\/x.com\/https:\/\/www.twitter.com\/thepilule","https:\/\/www.youtube.com\/@the.pilule"],"honorificPrefix":"Le","honorificSuffix":"Philo","gender":"homme","award":["Po\u00e9sie","Litt\u00e9rature"],"knowsLanguage":["Fran\u00e7ais","Anglais","Arabe","Espagnol"],"jobTitle":"Po\u00e9tique","worksFor":"The Pilule","url":"https:\/\/www.thepilule.com\/es\/author\/moderateur\/"}]}},"jetpack_featured_media_url":"https:\/\/www.thepilule.com\/wp-content\/uploads\/2024\/07\/maxresdefault-3-1.jpg","jetpack_sharing_enabled":true,"_links":{"self":[{"href":"https:\/\/www.thepilule.com\/es\/wp-json\/wp\/v2\/posts\/3916","targetHints":{"allow":["GET"]}}],"collection":[{"href":"https:\/\/www.thepilule.com\/es\/wp-json\/wp\/v2\/posts"}],"about":[{"href":"https:\/\/www.thepilule.com\/es\/wp-json\/wp\/v2\/types\/post"}],"author":[{"embeddable":true,"href":"https:\/\/www.thepilule.com\/es\/wp-json\/wp\/v2\/users\/1"}],"replies":[{"embeddable":true,"href":"https:\/\/www.thepilule.com\/es\/wp-json\/wp\/v2\/comments?post=3916"}],"version-history":[{"count":1,"href":"https:\/\/www.thepilule.com\/es\/wp-json\/wp\/v2\/posts\/3916\/revisions"}],"predecessor-version":[{"id":3918,"href":"https:\/\/www.thepilule.com\/es\/wp-json\/wp\/v2\/posts\/3916\/revisions\/3918"}],"wp:featuredmedia":[{"embeddable":true,"href":"https:\/\/www.thepilule.com\/es\/wp-json\/wp\/v2\/media\/3911"}],"wp:attachment":[{"href":"https:\/\/www.thepilule.com\/es\/wp-json\/wp\/v2\/media?parent=3916"}],"wp:term":[{"taxonomy":"category","embeddable":true,"href":"https:\/\/www.thepilule.com\/es\/wp-json\/wp\/v2\/categories?post=3916"},{"taxonomy":"post_tag","embeddable":true,"href":"https:\/\/www.thepilule.com\/es\/wp-json\/wp\/v2\/tags?post=3916"}],"curies":[{"name":"wp","href":"https:\/\/api.w.org\/{rel}","templated":true}]}}