{"id":4976,"date":"2024-09-21T03:14:36","date_gmt":"2024-09-21T03:14:36","guid":{"rendered":"https:\/\/www.thepilule.com\/?p=4976"},"modified":"2024-09-21T03:22:57","modified_gmt":"2024-09-21T03:22:57","slug":"como-las-grandes-potencias-han-atrapado-a-africa-en-la-crisis-climatica","status":"publish","type":"post","link":"https:\/\/www.thepilule.com\/es\/como-las-grandes-potencias-han-atrapado-a-africa-en-la-crisis-climatica\/","title":{"rendered":"\u00bfC\u00f3mo las grandes potencias han atrapado a \u00c1frica en la crisis clim\u00e1tica?"},"content":{"rendered":"<div class=\"flex-shrink-0 flex flex-col relative items-end\">\n<div>\n<div class=\"pt-0\">\n<div class=\"gizmo-bot-avatar flex h-8 w-8 items-center justify-center overflow-hidden rounded-full\">\n<div class=\"relative p-1 rounded-sm flex items-center justify-center bg-token-main-surface-primary text-token-text-primary h-8 w-8\">\u00c1frica, el continente que <strong>menos contamina<\/strong> en todo el mundo, est\u00e1 pagando el precio m\u00e1s alto en t\u00e9rminos de <strong>impactos clim\u00e1ticos<\/strong>. Grandes potencias como <strong>Estados Unidos<\/strong>, <strong>China<\/strong> y varios pa\u00edses europeos son los principales responsables del calentamiento global, mientras que los pa\u00edses africanos se ven obligados a luchar contra sus devastadoras consecuencias, destinando hasta el <strong>9% de su presupuesto<\/strong> a mitigar los efectos del cambio clim\u00e1tico. Esto es injusto, ya que quienes <strong>menos contribuyen<\/strong> a la crisis clim\u00e1tica no deber\u00edan ser quienes m\u00e1s sufran sus consecuencias.<\/div>\n<\/div>\n<\/div>\n<\/div>\n<\/div>\n<div class=\"group\/conversation-turn relative flex w-full min-w-0 flex-col agent-turn\">\n<div class=\"flex-col gap-1 md:gap-3\">\n<div class=\"flex max-w-full flex-col flex-grow\">\n<div class=\"min-h-[20px] text-message flex w-full flex-col items-end gap-2 whitespace-normal break-words [.text-message+&amp;]:mt-5\" dir=\"auto\" data-message-author-role=\"assistant\" data-message-id=\"7003adef-2405-42c8-9107-37fc47a63dd8\">\n<div class=\"flex w-full flex-col gap-1 empty:hidden first:pt-[3px]\">\n<div class=\"markdown prose w-full break-words dark:prose-invert dark\">\n<div id=\"ez-toc-container\" class=\"ez-toc-v2_0_82_2 counter-hierarchy ez-toc-counter ez-toc-transparent ez-toc-container-direction\">\n<div class=\"ez-toc-title-container\">\n<p class=\"ez-toc-title\" style=\"cursor:inherit\">Table of Contents<\/p>\n<span class=\"ez-toc-title-toggle\"><a href=\"#\" class=\"ez-toc-pull-right ez-toc-btn ez-toc-btn-xs ez-toc-btn-default ez-toc-toggle\" aria-label=\"Alternar tabla de contenidos\"><span class=\"ez-toc-js-icon-con\"><span class=\"\"><span class=\"eztoc-hide\" style=\"display:none;\">Toggle<\/span><span class=\"ez-toc-icon-toggle-span\"><svg style=\"fill: #dd3333;color:#dd3333\" xmlns=\"http:\/\/www.w3.org\/2000\/svg\" class=\"list-377408\" width=\"20px\" height=\"20px\" viewBox=\"0 0 24 24\" fill=\"none\"><path d=\"M6 6H4v2h2V6zm14 0H8v2h12V6zM4 11h2v2H4v-2zm16 0H8v2h12v-2zM4 16h2v2H4v-2zm16 0H8v2h12v-2z\" fill=\"currentColor\"><\/path><\/svg><svg style=\"fill: #dd3333;color:#dd3333\" class=\"arrow-unsorted-368013\" xmlns=\"http:\/\/www.w3.org\/2000\/svg\" width=\"10px\" height=\"10px\" viewBox=\"0 0 24 24\" version=\"1.2\" baseProfile=\"tiny\"><path d=\"M18.2 9.3l-6.2-6.3-6.2 6.3c-.2.2-.3.4-.3.7s.1.5.3.7c.2.2.4.3.7.3h11c.3 0 .5-.1.7-.3.2-.2.3-.5.3-.7s-.1-.5-.3-.7zM5.8 14.7l6.2 6.3 6.2-6.3c.2-.2.3-.5.3-.7s-.1-.5-.3-.7c-.2-.2-.4-.3-.7-.3h-11c-.3 0-.5.1-.7.3-.2.2-.3.5-.3.7s.1.5.3.7z\"\/><\/svg><\/span><\/span><\/span><\/a><\/span><\/div>\n<nav><ul class='ez-toc-list ez-toc-list-level-1 eztoc-toggle-hide-by-default' ><li class='ez-toc-page-1 ez-toc-heading-level-2'><a class=\"ez-toc-link ez-toc-heading-1\" href=\"https:\/\/www.thepilule.com\/es\/como-las-grandes-potencias-han-atrapado-a-africa-en-la-crisis-climatica\/#La_gran_injusticia_climatica\" >La gran injusticia clim\u00e1tica<\/a><\/li><li class='ez-toc-page-1 ez-toc-heading-level-2'><a class=\"ez-toc-link ez-toc-heading-2\" href=\"https:\/\/www.thepilule.com\/es\/como-las-grandes-potencias-han-atrapado-a-africa-en-la-crisis-climatica\/#El_aumento_de_la_temperatura\" >El aumento de la temperatura<\/a><\/li><li class='ez-toc-page-1 ez-toc-heading-level-2'><a class=\"ez-toc-link ez-toc-heading-3\" href=\"https:\/\/www.thepilule.com\/es\/como-las-grandes-potencias-han-atrapado-a-africa-en-la-crisis-climatica\/#El_aumento_del_nivel_del_mar\" >El aumento del nivel del mar<\/a><\/li><li class='ez-toc-page-1 ez-toc-heading-level-2'><a class=\"ez-toc-link ez-toc-heading-4\" href=\"https:\/\/www.thepilule.com\/es\/como-las-grandes-potencias-han-atrapado-a-africa-en-la-crisis-climatica\/#Soluciones_insuficientes\" >Soluciones insuficientes<\/a><\/li><\/ul><\/nav><\/div>\n<h2><span class=\"ez-toc-section\" id=\"La_gran_injusticia_climatica\"><\/span>La gran injusticia clim\u00e1tica<span class=\"ez-toc-section-end\"><\/span><\/h2>\n<p>El cambio clim\u00e1tico ha afectado gravemente a \u00c1frica, provocando <strong>sequ\u00edas extremas<\/strong>, escasez de agua, y un aumento en las temperaturas que est\u00e1n convirtiendo algunas zonas del continente en lugares casi inhabitables. Pa\u00edses como <strong>Argelia<\/strong>, <strong>T\u00fanez<\/strong> y <strong>Marruecos<\/strong> han experimentado una ca\u00edda del 20% en las precipitaciones desde 1960. Adem\u00e1s, el <strong>nivel de los embalses<\/strong> en estas regiones ha ca\u00eddo dram\u00e1ticamente, con una reducci\u00f3n del 60% en 2018 a menos del 30% en 2022. En t\u00e9rminos de agua disponible, se estima que actualmente cada persona tiene unos 600 metros c\u00fabicos al a\u00f1o, pero para 2050 esa cifra podr\u00eda reducirse a 350 metros c\u00fabicos. Esto significa que la <strong>escasez de agua<\/strong> se est\u00e1 volviendo un problema cr\u00edtico.<\/p>\n<h2><span class=\"ez-toc-section\" id=\"El_aumento_de_la_temperatura\"><\/span>El aumento de la temperatura<span class=\"ez-toc-section-end\"><\/span><\/h2>\n<p>Otro gran desaf\u00edo es el <strong>aumento de la temperatura<\/strong>. Seg\u00fan las estimaciones, las temperaturas globales podr\u00edan subir m\u00e1s de <strong>4 grados<\/strong> para el a\u00f1o 2100, lo que afectar\u00eda gravemente a los pa\u00edses del <strong>Golfo de Guinea<\/strong>. En estas regiones, se prev\u00e9 que habr\u00e1 m\u00e1s de 350 d\u00edas de calor extremo al a\u00f1o, lo que har\u00e1 que ciertas zonas, como <strong>Senegal<\/strong> y <strong>Nigeria<\/strong>, se vuelvan casi inabitables. Mientras las potencias responsables de gran parte de esta crisis siguen con su estilo de vida, \u00c1frica se enfrenta a un futuro sombr\u00edo.<\/p>\n<h2><span class=\"ez-toc-section\" id=\"El_aumento_del_nivel_del_mar\"><\/span>El aumento del nivel del mar<span class=\"ez-toc-section-end\"><\/span><\/h2>\n<p>La situaci\u00f3n se agrava a\u00fan m\u00e1s con el <strong>aumento del nivel del mar<\/strong>. Entre 1901 y 2018, el nivel del mar aument\u00f3 en 20 cent\u00edmetros y se espera que para finales de este siglo suba entre 50 cent\u00edmetros y m\u00e1s de un metro. Pa\u00edses como <strong>Nigeria<\/strong>, <strong>Angola<\/strong>, <strong>Egipto<\/strong> y <strong>Mozambique<\/strong> corren el riesgo de sufrir graves inundaciones, lo que agravar\u00e1 a\u00fan m\u00e1s la ya complicada situaci\u00f3n de estos territorios.<\/p>\n<h2><span class=\"ez-toc-section\" id=\"Soluciones_insuficientes\"><\/span>Soluciones insuficientes<span class=\"ez-toc-section-end\"><\/span><\/h2>\n<p>A pesar de la gravedad de la situaci\u00f3n, la respuesta de la comunidad internacional ha sido <strong>insuficiente<\/strong>. Durante la <strong>COP27<\/strong> en 2022, se cre\u00f3 un fondo especial para ayudar a los pa\u00edses m\u00e1s afectados por el cambio clim\u00e1tico. Sin embargo, un a\u00f1o despu\u00e9s, tras la COP28, solo se hab\u00edan prometido alrededor de <strong>800 millones de euros<\/strong> para ese fondo, mientras que se estima que \u00c1frica subsahariana necesitar\u00e1 entre <strong>30.000 y 50.000 millones de d\u00f3lares<\/strong> al a\u00f1o durante la pr\u00f3xima d\u00e9cada para adaptarse a los efectos del cambio clim\u00e1tico.<\/p>\n<blockquote><p><em><strong>Para Leer:<\/strong>\u00a0<a href=\"https:\/\/www.thepilule.com\/es\/putin-y-el-escandalo-africano-desentranando-las-verdades-ocultas-detras-de-un-discurso-ficticio\/\">Putin y el Esc\u00e1ndalo Africano: Desentra\u00f1ando las Verdades Ocultas Detr\u00e1s de un Discurso Ficticio<\/a><\/em><\/p><\/blockquote>\n<p>Es como si destruyeran tu casa y luego te dieran un cup\u00f3n de descuento de 5 euros para una tienda de muebles, dici\u00e9ndote que con eso es suficiente para compensar el da\u00f1o. La <strong>injusticia clim\u00e1tica<\/strong> es evidente: \u00c1frica, que ha contribuido menos al cambio clim\u00e1tico, est\u00e1 pagando el precio m\u00e1s alto, mientras que las potencias m\u00e1s contaminantes no hacen lo suficiente para corregir este desequilibrio. La pregunta sigue siendo: \u00bfhasta cu\u00e1ndo los pa\u00edses m\u00e1s responsables de esta crisis se tomar\u00e1n en serio la <strong>justicia clim\u00e1tica<\/strong>?<\/p>\n<\/div>\n<\/div>\n<\/div>\n<\/div>\n<\/div>\n<\/div>\n","protected":false},"excerpt":{"rendered":"<p>\u00c1frica, el continente que menos contribuye al cambio clim\u00e1tico, es el m\u00e1s afectado por sus consecuencias. Las grandes potencias como Estados Unidos, China y varios pa\u00edses europeos, principales responsables de las emisiones, no est\u00e1n haciendo lo suficiente para compensar a \u00c1frica. Sequ\u00edas extremas, aumento de temperaturas y el incremento del nivel del mar est\u00e1n convirtiendo algunas regiones en inhabitables. Aunque se han creado fondos de compensaci\u00f3n, los recursos asignados son insuficientes frente a la magnitud del problema, lo que perpet\u00faa la gran injusticia clim\u00e1tica hacia \u00c1frica.<\/p>\n","protected":false},"author":1,"featured_media":4970,"comment_status":"open","ping_status":"open","sticky":false,"template":"","format":"standard","meta":{"_jetpack_memberships_contains_paid_content":false,"footnotes":""},"categories":[66],"tags":[3191,3195,3194,3192,3193],"class_list":["post-4976","post","type-post","status-publish","format-standard","has-post-thumbnail","hentry","category-mejor","tag-cambio-climatico","tag-compensacion-climatica","tag-grandes-potencias-contaminantes","tag-injusticia-climatica","tag-sequia-en-africa"],"yoast_head":"<!-- This site is optimized with the Yoast SEO Premium plugin v22.6 (Yoast SEO v27.5) - https:\/\/yoast.com\/product\/yoast-seo-premium-wordpress\/ -->\n<title>\u00bfC\u00f3mo las grandes potencias han atrapado a \u00c1frica en la crisis clim\u00e1tica? - The Pilule<\/title>\n<meta name=\"description\" content=\"\u00c1frica, el continente que menos contribuye al cambio clim\u00e1tico, es el m\u00e1s afectado por sus consecuencias. Las grandes potencias como Estados Unidos, China y varios pa\u00edses europeos, principales responsables de las emisiones, no est\u00e1n haciendo lo suficiente para compensar a \u00c1frica. Sequ\u00edas extremas, aumento de temperaturas y el incremento del nivel del mar est\u00e1n convirtiendo algunas regiones en inhabitables. Aunque se han creado fondos de compensaci\u00f3n, los recursos asignados son insuficientes frente a la magnitud del problema, lo que perpet\u00faa la gran injusticia clim\u00e1tica hacia \u00c1frica.\" \/>\n<meta name=\"robots\" content=\"index, follow, max-snippet:-1, max-image-preview:large, max-video-preview:-1\" \/>\n<link rel=\"canonical\" href=\"https:\/\/www.thepilule.com\/ar\/?p=4979\" \/>\n<meta property=\"og:locale\" content=\"es_ES\" \/>\n<meta property=\"og:type\" content=\"article\" \/>\n<meta property=\"og:title\" content=\"\u00bfC\u00f3mo las grandes potencias han atrapado a \u00c1frica en la crisis clim\u00e1tica?\" \/>\n<meta property=\"og:description\" content=\"\u00c1frica, el continente que menos contribuye al cambio clim\u00e1tico, es el m\u00e1s afectado por sus consecuencias. Las grandes potencias como Estados Unidos, China y varios pa\u00edses europeos, principales responsables de las emisiones, no est\u00e1n haciendo lo suficiente para compensar a \u00c1frica. Sequ\u00edas extremas, aumento de temperaturas y el incremento del nivel del mar est\u00e1n convirtiendo algunas regiones en inhabitables. Aunque se han creado fondos de compensaci\u00f3n, los recursos asignados son insuficientes frente a la magnitud del problema, lo que perpet\u00faa la gran injusticia clim\u00e1tica hacia \u00c1frica.\" \/>\n<meta property=\"og:url\" content=\"https:\/\/www.thepilule.com\/ar\/?p=4979\" \/>\n<meta property=\"og:site_name\" content=\"The Pilule\" \/>\n<meta property=\"article:publisher\" content=\"https:\/\/www.facebook.com\/the.pilule\" \/>\n<meta property=\"article:author\" content=\"https:\/\/www.facebook.com\/the.pilule\" \/>\n<meta property=\"article:published_time\" content=\"2024-09-21T03:14:36+00:00\" \/>\n<meta property=\"article:modified_time\" content=\"2024-09-21T03:22:57+00:00\" \/>\n<meta property=\"og:image\" content=\"https:\/\/www.thepilule.com\/wp-content\/uploads\/2024\/09\/COMMENT-LES-GRANDES-PUISSANCES-ONT-PIEGE-LAFRIQUE-RIEN-NE-VA-.jpg\" \/>\n\t<meta property=\"og:image:width\" content=\"1280\" \/>\n\t<meta property=\"og:image:height\" content=\"720\" \/>\n\t<meta property=\"og:image:type\" content=\"image\/jpeg\" \/>\n<meta name=\"author\" content=\"Moderateur\" \/>\n<meta name=\"twitter:card\" content=\"summary_large_image\" \/>\n<meta name=\"twitter:description\" content=\"\u00c1frica, el continente que menos contribuye al cambio clim\u00e1tico, es el m\u00e1s afectado por sus consecuencias. Las grandes potencias como Estados Unidos, China y varios pa\u00edses europeos, principales responsables de las emisiones, no est\u00e1n haciendo lo suficiente para compensar a \u00c1frica. Sequ\u00edas extremas, aumento de temperaturas y el incremento del nivel del mar est\u00e1n convirtiendo algunas regiones en inhabitables. Aunque se han creado fondos de compensaci\u00f3n, los recursos asignados son insuficientes frente a la magnitud del problema, lo que perpet\u00faa la gran injusticia clim\u00e1tica hacia \u00c1frica.\" \/>\n<meta name=\"twitter:creator\" content=\"@https:\/\/www.twitter.com\/thepilule\" \/>\n<meta name=\"twitter:site\" content=\"@thepilule\" \/>\n<meta name=\"twitter:label1\" content=\"Escrito por\" \/>\n\t<meta name=\"twitter:data1\" content=\"Moderateur&lt;span class=&quot;bp-verified-badge&quot;&gt;&lt;\/span&gt;\" \/>\n\t<meta name=\"twitter:label2\" content=\"Tiempo de lectura\" \/>\n\t<meta name=\"twitter:data2\" content=\"4 minutos\" \/>\n<script type=\"application\/ld+json\" class=\"yoast-schema-graph\">{\"@context\":\"https:\\\/\\\/schema.org\",\"@graph\":[{\"@type\":\"Article\",\"@id\":\"https:\\\/\\\/www.thepilule.com\\\/ar\\\/?p=4979#article\",\"isPartOf\":{\"@id\":\"https:\\\/\\\/www.thepilule.com\\\/ar\\\/?p=4979\"},\"author\":{\"name\":\"Moderateur\",\"@id\":\"https:\\\/\\\/www.thepilule.com\\\/#\\\/schema\\\/person\\\/ce9f678c80e52c47616a1e87d45569c5\"},\"headline\":\"\u00bfC\u00f3mo las grandes potencias han atrapado a \u00c1frica en la crisis clim\u00e1tica?\",\"datePublished\":\"2024-09-21T03:14:36+00:00\",\"dateModified\":\"2024-09-21T03:22:57+00:00\",\"mainEntityOfPage\":{\"@id\":\"https:\\\/\\\/www.thepilule.com\\\/ar\\\/?p=4979\"},\"wordCount\":631,\"commentCount\":0,\"publisher\":{\"@id\":\"https:\\\/\\\/www.thepilule.com\\\/#organization\"},\"image\":{\"@id\":\"https:\\\/\\\/www.thepilule.com\\\/ar\\\/?p=4979#primaryimage\"},\"thumbnailUrl\":\"https:\\\/\\\/www.thepilule.com\\\/wp-content\\\/uploads\\\/2024\\\/09\\\/COMMENT-LES-GRANDES-PUISSANCES-ONT-PIEGE-LAFRIQUE-RIEN-NE-VA-.jpg\",\"keywords\":[\"Cambio clim\u00e1tico\",\"Compensaci\u00f3n clim\u00e1tica\",\"Grandes potencias contaminantes\",\"Injusticia clim\u00e1tica\",\"Sequ\u00eda en \u00c1frica\"],\"articleSection\":[\"Mejor\"],\"inLanguage\":\"es\",\"potentialAction\":[{\"@type\":\"CommentAction\",\"name\":\"Comment\",\"target\":[\"https:\\\/\\\/www.thepilule.com\\\/ar\\\/?p=4979#respond\"]}]},{\"@type\":\"WebPage\",\"@id\":\"https:\\\/\\\/www.thepilule.com\\\/ar\\\/?p=4979\",\"url\":\"https:\\\/\\\/www.thepilule.com\\\/ar\\\/?p=4979\",\"name\":\"\u00bfC\u00f3mo las grandes potencias han atrapado a \u00c1frica en la crisis clim\u00e1tica? - The Pilule\",\"isPartOf\":{\"@id\":\"https:\\\/\\\/www.thepilule.com\\\/#website\"},\"primaryImageOfPage\":{\"@id\":\"https:\\\/\\\/www.thepilule.com\\\/ar\\\/?p=4979#primaryimage\"},\"image\":{\"@id\":\"https:\\\/\\\/www.thepilule.com\\\/ar\\\/?p=4979#primaryimage\"},\"thumbnailUrl\":\"https:\\\/\\\/www.thepilule.com\\\/wp-content\\\/uploads\\\/2024\\\/09\\\/COMMENT-LES-GRANDES-PUISSANCES-ONT-PIEGE-LAFRIQUE-RIEN-NE-VA-.jpg\",\"datePublished\":\"2024-09-21T03:14:36+00:00\",\"dateModified\":\"2024-09-21T03:22:57+00:00\",\"description\":\"\u00c1frica, el continente que menos contribuye al cambio clim\u00e1tico, es el m\u00e1s afectado por sus consecuencias. Las grandes potencias como Estados Unidos, China y varios pa\u00edses europeos, principales responsables de las emisiones, no est\u00e1n haciendo lo suficiente para compensar a \u00c1frica. Sequ\u00edas extremas, aumento de temperaturas y el incremento del nivel del mar est\u00e1n convirtiendo algunas regiones en inhabitables. Aunque se han creado fondos de compensaci\u00f3n, los recursos asignados son insuficientes frente a la magnitud del problema, lo que perpet\u00faa la gran injusticia clim\u00e1tica hacia \u00c1frica.\",\"breadcrumb\":{\"@id\":\"https:\\\/\\\/www.thepilule.com\\\/ar\\\/?p=4979#breadcrumb\"},\"inLanguage\":\"es\",\"potentialAction\":[{\"@type\":\"ReadAction\",\"target\":[\"https:\\\/\\\/www.thepilule.com\\\/ar\\\/?p=4979\"]}]},{\"@type\":\"ImageObject\",\"inLanguage\":\"es\",\"@id\":\"https:\\\/\\\/www.thepilule.com\\\/ar\\\/?p=4979#primaryimage\",\"url\":\"https:\\\/\\\/www.thepilule.com\\\/wp-content\\\/uploads\\\/2024\\\/09\\\/COMMENT-LES-GRANDES-PUISSANCES-ONT-PIEGE-LAFRIQUE-RIEN-NE-VA-.jpg\",\"contentUrl\":\"https:\\\/\\\/www.thepilule.com\\\/wp-content\\\/uploads\\\/2024\\\/09\\\/COMMENT-LES-GRANDES-PUISSANCES-ONT-PIEGE-LAFRIQUE-RIEN-NE-VA-.jpg\",\"width\":1280,\"height\":720},{\"@type\":\"BreadcrumbList\",\"@id\":\"https:\\\/\\\/www.thepilule.com\\\/ar\\\/?p=4979#breadcrumb\",\"itemListElement\":[{\"@type\":\"ListItem\",\"position\":1,\"name\":\"Home\",\"item\":\"https:\\\/\\\/www.thepilule.com\\\/es\\\/\"},{\"@type\":\"ListItem\",\"position\":2,\"name\":\"\u00bfC\u00f3mo las grandes potencias han atrapado a \u00c1frica en la crisis clim\u00e1tica?\"}]},{\"@type\":\"WebSite\",\"@id\":\"https:\\\/\\\/www.thepilule.com\\\/#website\",\"url\":\"https:\\\/\\\/www.thepilule.com\\\/\",\"name\":\"The Pilule\",\"description\":\"Votre pilule rouge de conscience\",\"publisher\":{\"@id\":\"https:\\\/\\\/www.thepilule.com\\\/#organization\"},\"potentialAction\":[{\"@type\":\"SearchAction\",\"target\":{\"@type\":\"EntryPoint\",\"urlTemplate\":\"https:\\\/\\\/www.thepilule.com\\\/?s={search_term_string}\"},\"query-input\":{\"@type\":\"PropertyValueSpecification\",\"valueRequired\":true,\"valueName\":\"search_term_string\"}}],\"inLanguage\":\"es\"},{\"@type\":\"Organization\",\"@id\":\"https:\\\/\\\/www.thepilule.com\\\/#organization\",\"name\":\"The Pilule\",\"url\":\"https:\\\/\\\/www.thepilule.com\\\/\",\"logo\":{\"@type\":\"ImageObject\",\"inLanguage\":\"es\",\"@id\":\"https:\\\/\\\/www.thepilule.com\\\/#\\\/schema\\\/logo\\\/image\\\/\",\"url\":\"https:\\\/\\\/www.thepilule.com\\\/wp-content\\\/uploads\\\/2024\\\/01\\\/Flavicon-thepilule.png\",\"contentUrl\":\"https:\\\/\\\/www.thepilule.com\\\/wp-content\\\/uploads\\\/2024\\\/01\\\/Flavicon-thepilule.png\",\"width\":500,\"height\":500,\"caption\":\"The Pilule\"},\"image\":{\"@id\":\"https:\\\/\\\/www.thepilule.com\\\/#\\\/schema\\\/logo\\\/image\\\/\"},\"sameAs\":[\"https:\\\/\\\/www.facebook.com\\\/the.pilule\",\"https:\\\/\\\/x.com\\\/thepilule\",\"https:\\\/\\\/tiktok.com\\\/@the.pilule\",\"https:\\\/\\\/www.youtube.com\\\/@the.pilule\",\"https:\\\/\\\/www.instagram.com\\\/the.pilule\"],\"publishingPrinciples\":\"https:\\\/\\\/www.thepilule.com\\\/\"},{\"@type\":\"Person\",\"@id\":\"https:\\\/\\\/www.thepilule.com\\\/#\\\/schema\\\/person\\\/ce9f678c80e52c47616a1e87d45569c5\",\"name\":\"Moderateur\",\"image\":{\"@type\":\"ImageObject\",\"inLanguage\":\"es\",\"@id\":\"\\\/\\\/www.gravatar.com\\\/avatar\\\/882773b6eb71e31b59fc708b3ca22962?s=96&#038;r=g&#038;d=mm\",\"url\":\"\\\/\\\/www.gravatar.com\\\/avatar\\\/882773b6eb71e31b59fc708b3ca22962?s=96&#038;r=g&#038;d=mm\",\"contentUrl\":\"\\\/\\\/www.gravatar.com\\\/avatar\\\/882773b6eb71e31b59fc708b3ca22962?s=96&#038;r=g&#038;d=mm\",\"caption\":\"Moderateur\"},\"description\":\"Bienvenue | Welcome | Bienvenido | \u0645\u0631\u062d\u0628\u064b\u0627 \ud83c\uddeb\ud83c\uddf7 D\u00e9couvrez la philosophie, le sto\u00efcisme et le d\u00e9veloppement personnel. Joignez-vous \u00e0 moi pour explorer la vie, la vertu et le potentiel humain. \ud83c\uddec\ud83c\udde7 Discover philosophy, stoicism, and personal development. Join me to explore life, virtue, and human potential. \ud83c\uddea\ud83c\uddf8 Descubre la filosof\u00eda, el estoicismo y el desarrollo personal. \u00danete a m\u00ed para explorar la vida, la virtud y el potencial humano. \ud83c\udde6\ud83c\uddea \u0627\u0643\u062a\u0634\u0641 \u0627\u0644\u0641\u0644\u0633\u0641\u0629 \u0648\u0627\u0644\u0627\u0633\u062a\u0648\u0627\u0626\u064a\u0629 \u0648\u0627\u0644\u062a\u0637\u0648\u064a\u0631 \u0627\u0644\u0634\u062e\u0635\u064a. \u0627\u0646\u0636\u0645 \u0625\u0644\u064a\u0651 \u0644\u0627\u0633\u062a\u0643\u0634\u0627\u0641 \u0627\u0644\u062d\u064a\u0627\u0629\u060c \u0648\u0627\u0644\u0641\u0636\u064a\u0644\u0629\u060c \u0648\u0627\u0644\u0625\u0645\u0643\u0627\u0646\u064a\u0627\u062a \u0627\u0644\u0628\u0634\u0631\u064a\u0629.\",\"sameAs\":[\"https:\\\/\\\/www.thepilule.com\",\"https:\\\/\\\/www.facebook.com\\\/the.pilule\",\"https:\\\/\\\/www.instagram.com\\\/the.pilule\",\"https:\\\/\\\/linkedin.com\\\/company\\\/thepilule\",\"https:\\\/\\\/www.pinterest.fr\\\/thepilule\",\"https:\\\/\\\/x.com\\\/https:\\\/\\\/www.twitter.com\\\/thepilule\",\"https:\\\/\\\/www.youtube.com\\\/@the.pilule\"],\"honorificPrefix\":\"Le\",\"honorificSuffix\":\"Philo\",\"gender\":\"homme\",\"award\":[\"Po\u00e9sie\",\"Litt\u00e9rature\"],\"knowsLanguage\":[\"Fran\u00e7ais\",\"Anglais\",\"Arabe\",\"Espagnol\"],\"jobTitle\":\"Po\u00e9tique\",\"worksFor\":\"The Pilule\",\"url\":\"https:\\\/\\\/www.thepilule.com\\\/es\\\/author\\\/moderateur\\\/\"}]}<\/script>\n<!-- \/ Yoast SEO Premium plugin. -->","yoast_head_json":{"title":"\u00bfC\u00f3mo las grandes potencias han atrapado a \u00c1frica en la crisis clim\u00e1tica? - The Pilule","description":"\u00c1frica, el continente que menos contribuye al cambio clim\u00e1tico, es el m\u00e1s afectado por sus consecuencias. Las grandes potencias como Estados Unidos, China y varios pa\u00edses europeos, principales responsables de las emisiones, no est\u00e1n haciendo lo suficiente para compensar a \u00c1frica. Sequ\u00edas extremas, aumento de temperaturas y el incremento del nivel del mar est\u00e1n convirtiendo algunas regiones en inhabitables. Aunque se han creado fondos de compensaci\u00f3n, los recursos asignados son insuficientes frente a la magnitud del problema, lo que perpet\u00faa la gran injusticia clim\u00e1tica hacia \u00c1frica.","robots":{"index":"index","follow":"follow","max-snippet":"max-snippet:-1","max-image-preview":"max-image-preview:large","max-video-preview":"max-video-preview:-1"},"canonical":"https:\/\/www.thepilule.com\/ar\/?p=4979","og_locale":"es_ES","og_type":"article","og_title":"\u00bfC\u00f3mo las grandes potencias han atrapado a \u00c1frica en la crisis clim\u00e1tica?","og_description":"\u00c1frica, el continente que menos contribuye al cambio clim\u00e1tico, es el m\u00e1s afectado por sus consecuencias. Las grandes potencias como Estados Unidos, China y varios pa\u00edses europeos, principales responsables de las emisiones, no est\u00e1n haciendo lo suficiente para compensar a \u00c1frica. Sequ\u00edas extremas, aumento de temperaturas y el incremento del nivel del mar est\u00e1n convirtiendo algunas regiones en inhabitables. Aunque se han creado fondos de compensaci\u00f3n, los recursos asignados son insuficientes frente a la magnitud del problema, lo que perpet\u00faa la gran injusticia clim\u00e1tica hacia \u00c1frica.","og_url":"https:\/\/www.thepilule.com\/ar\/?p=4979","og_site_name":"The Pilule","article_publisher":"https:\/\/www.facebook.com\/the.pilule","article_author":"https:\/\/www.facebook.com\/the.pilule","article_published_time":"2024-09-21T03:14:36+00:00","article_modified_time":"2024-09-21T03:22:57+00:00","og_image":[{"width":1280,"height":720,"url":"https:\/\/www.thepilule.com\/wp-content\/uploads\/2024\/09\/COMMENT-LES-GRANDES-PUISSANCES-ONT-PIEGE-LAFRIQUE-RIEN-NE-VA-.jpg","type":"image\/jpeg"}],"author":"Moderateur","twitter_card":"summary_large_image","twitter_description":"\u00c1frica, el continente que menos contribuye al cambio clim\u00e1tico, es el m\u00e1s afectado por sus consecuencias. Las grandes potencias como Estados Unidos, China y varios pa\u00edses europeos, principales responsables de las emisiones, no est\u00e1n haciendo lo suficiente para compensar a \u00c1frica. Sequ\u00edas extremas, aumento de temperaturas y el incremento del nivel del mar est\u00e1n convirtiendo algunas regiones en inhabitables. Aunque se han creado fondos de compensaci\u00f3n, los recursos asignados son insuficientes frente a la magnitud del problema, lo que perpet\u00faa la gran injusticia clim\u00e1tica hacia \u00c1frica.","twitter_creator":"@https:\/\/www.twitter.com\/thepilule","twitter_site":"@thepilule","twitter_misc":{"Escrito por":"Moderateur<span class=\"bp-verified-badge\"><\/span>","Tiempo de lectura":"4 minutos"},"schema":{"@context":"https:\/\/schema.org","@graph":[{"@type":"Article","@id":"https:\/\/www.thepilule.com\/ar\/?p=4979#article","isPartOf":{"@id":"https:\/\/www.thepilule.com\/ar\/?p=4979"},"author":{"name":"Moderateur","@id":"https:\/\/www.thepilule.com\/#\/schema\/person\/ce9f678c80e52c47616a1e87d45569c5"},"headline":"\u00bfC\u00f3mo las grandes potencias han atrapado a \u00c1frica en la crisis clim\u00e1tica?","datePublished":"2024-09-21T03:14:36+00:00","dateModified":"2024-09-21T03:22:57+00:00","mainEntityOfPage":{"@id":"https:\/\/www.thepilule.com\/ar\/?p=4979"},"wordCount":631,"commentCount":0,"publisher":{"@id":"https:\/\/www.thepilule.com\/#organization"},"image":{"@id":"https:\/\/www.thepilule.com\/ar\/?p=4979#primaryimage"},"thumbnailUrl":"https:\/\/www.thepilule.com\/wp-content\/uploads\/2024\/09\/COMMENT-LES-GRANDES-PUISSANCES-ONT-PIEGE-LAFRIQUE-RIEN-NE-VA-.jpg","keywords":["Cambio clim\u00e1tico","Compensaci\u00f3n clim\u00e1tica","Grandes potencias contaminantes","Injusticia clim\u00e1tica","Sequ\u00eda en \u00c1frica"],"articleSection":["Mejor"],"inLanguage":"es","potentialAction":[{"@type":"CommentAction","name":"Comment","target":["https:\/\/www.thepilule.com\/ar\/?p=4979#respond"]}]},{"@type":"WebPage","@id":"https:\/\/www.thepilule.com\/ar\/?p=4979","url":"https:\/\/www.thepilule.com\/ar\/?p=4979","name":"\u00bfC\u00f3mo las grandes potencias han atrapado a \u00c1frica en la crisis clim\u00e1tica? - The Pilule","isPartOf":{"@id":"https:\/\/www.thepilule.com\/#website"},"primaryImageOfPage":{"@id":"https:\/\/www.thepilule.com\/ar\/?p=4979#primaryimage"},"image":{"@id":"https:\/\/www.thepilule.com\/ar\/?p=4979#primaryimage"},"thumbnailUrl":"https:\/\/www.thepilule.com\/wp-content\/uploads\/2024\/09\/COMMENT-LES-GRANDES-PUISSANCES-ONT-PIEGE-LAFRIQUE-RIEN-NE-VA-.jpg","datePublished":"2024-09-21T03:14:36+00:00","dateModified":"2024-09-21T03:22:57+00:00","description":"\u00c1frica, el continente que menos contribuye al cambio clim\u00e1tico, es el m\u00e1s afectado por sus consecuencias. Las grandes potencias como Estados Unidos, China y varios pa\u00edses europeos, principales responsables de las emisiones, no est\u00e1n haciendo lo suficiente para compensar a \u00c1frica. Sequ\u00edas extremas, aumento de temperaturas y el incremento del nivel del mar est\u00e1n convirtiendo algunas regiones en inhabitables. Aunque se han creado fondos de compensaci\u00f3n, los recursos asignados son insuficientes frente a la magnitud del problema, lo que perpet\u00faa la gran injusticia clim\u00e1tica hacia \u00c1frica.","breadcrumb":{"@id":"https:\/\/www.thepilule.com\/ar\/?p=4979#breadcrumb"},"inLanguage":"es","potentialAction":[{"@type":"ReadAction","target":["https:\/\/www.thepilule.com\/ar\/?p=4979"]}]},{"@type":"ImageObject","inLanguage":"es","@id":"https:\/\/www.thepilule.com\/ar\/?p=4979#primaryimage","url":"https:\/\/www.thepilule.com\/wp-content\/uploads\/2024\/09\/COMMENT-LES-GRANDES-PUISSANCES-ONT-PIEGE-LAFRIQUE-RIEN-NE-VA-.jpg","contentUrl":"https:\/\/www.thepilule.com\/wp-content\/uploads\/2024\/09\/COMMENT-LES-GRANDES-PUISSANCES-ONT-PIEGE-LAFRIQUE-RIEN-NE-VA-.jpg","width":1280,"height":720},{"@type":"BreadcrumbList","@id":"https:\/\/www.thepilule.com\/ar\/?p=4979#breadcrumb","itemListElement":[{"@type":"ListItem","position":1,"name":"Home","item":"https:\/\/www.thepilule.com\/es\/"},{"@type":"ListItem","position":2,"name":"\u00bfC\u00f3mo las grandes potencias han atrapado a \u00c1frica en la crisis clim\u00e1tica?"}]},{"@type":"WebSite","@id":"https:\/\/www.thepilule.com\/#website","url":"https:\/\/www.thepilule.com\/","name":"The Pilule","description":"Votre pilule rouge de conscience","publisher":{"@id":"https:\/\/www.thepilule.com\/#organization"},"potentialAction":[{"@type":"SearchAction","target":{"@type":"EntryPoint","urlTemplate":"https:\/\/www.thepilule.com\/?s={search_term_string}"},"query-input":{"@type":"PropertyValueSpecification","valueRequired":true,"valueName":"search_term_string"}}],"inLanguage":"es"},{"@type":"Organization","@id":"https:\/\/www.thepilule.com\/#organization","name":"The Pilule","url":"https:\/\/www.thepilule.com\/","logo":{"@type":"ImageObject","inLanguage":"es","@id":"https:\/\/www.thepilule.com\/#\/schema\/logo\/image\/","url":"https:\/\/www.thepilule.com\/wp-content\/uploads\/2024\/01\/Flavicon-thepilule.png","contentUrl":"https:\/\/www.thepilule.com\/wp-content\/uploads\/2024\/01\/Flavicon-thepilule.png","width":500,"height":500,"caption":"The Pilule"},"image":{"@id":"https:\/\/www.thepilule.com\/#\/schema\/logo\/image\/"},"sameAs":["https:\/\/www.facebook.com\/the.pilule","https:\/\/x.com\/thepilule","https:\/\/tiktok.com\/@the.pilule","https:\/\/www.youtube.com\/@the.pilule","https:\/\/www.instagram.com\/the.pilule"],"publishingPrinciples":"https:\/\/www.thepilule.com\/"},{"@type":"Person","@id":"https:\/\/www.thepilule.com\/#\/schema\/person\/ce9f678c80e52c47616a1e87d45569c5","name":"Moderateur","image":{"@type":"ImageObject","inLanguage":"es","@id":"\/\/www.gravatar.com\/avatar\/882773b6eb71e31b59fc708b3ca22962?s=96&#038;r=g&#038;d=mm","url":"\/\/www.gravatar.com\/avatar\/882773b6eb71e31b59fc708b3ca22962?s=96&#038;r=g&#038;d=mm","contentUrl":"\/\/www.gravatar.com\/avatar\/882773b6eb71e31b59fc708b3ca22962?s=96&#038;r=g&#038;d=mm","caption":"Moderateur"},"description":"Bienvenue | Welcome | Bienvenido | \u0645\u0631\u062d\u0628\u064b\u0627 \ud83c\uddeb\ud83c\uddf7 D\u00e9couvrez la philosophie, le sto\u00efcisme et le d\u00e9veloppement personnel. Joignez-vous \u00e0 moi pour explorer la vie, la vertu et le potentiel humain. \ud83c\uddec\ud83c\udde7 Discover philosophy, stoicism, and personal development. Join me to explore life, virtue, and human potential. \ud83c\uddea\ud83c\uddf8 Descubre la filosof\u00eda, el estoicismo y el desarrollo personal. \u00danete a m\u00ed para explorar la vida, la virtud y el potencial humano. \ud83c\udde6\ud83c\uddea \u0627\u0643\u062a\u0634\u0641 \u0627\u0644\u0641\u0644\u0633\u0641\u0629 \u0648\u0627\u0644\u0627\u0633\u062a\u0648\u0627\u0626\u064a\u0629 \u0648\u0627\u0644\u062a\u0637\u0648\u064a\u0631 \u0627\u0644\u0634\u062e\u0635\u064a. \u0627\u0646\u0636\u0645 \u0625\u0644\u064a\u0651 \u0644\u0627\u0633\u062a\u0643\u0634\u0627\u0641 \u0627\u0644\u062d\u064a\u0627\u0629\u060c \u0648\u0627\u0644\u0641\u0636\u064a\u0644\u0629\u060c \u0648\u0627\u0644\u0625\u0645\u0643\u0627\u0646\u064a\u0627\u062a \u0627\u0644\u0628\u0634\u0631\u064a\u0629.","sameAs":["https:\/\/www.thepilule.com","https:\/\/www.facebook.com\/the.pilule","https:\/\/www.instagram.com\/the.pilule","https:\/\/linkedin.com\/company\/thepilule","https:\/\/www.pinterest.fr\/thepilule","https:\/\/x.com\/https:\/\/www.twitter.com\/thepilule","https:\/\/www.youtube.com\/@the.pilule"],"honorificPrefix":"Le","honorificSuffix":"Philo","gender":"homme","award":["Po\u00e9sie","Litt\u00e9rature"],"knowsLanguage":["Fran\u00e7ais","Anglais","Arabe","Espagnol"],"jobTitle":"Po\u00e9tique","worksFor":"The Pilule","url":"https:\/\/www.thepilule.com\/es\/author\/moderateur\/"}]}},"jetpack_featured_media_url":"https:\/\/www.thepilule.com\/wp-content\/uploads\/2024\/09\/COMMENT-LES-GRANDES-PUISSANCES-ONT-PIEGE-LAFRIQUE-RIEN-NE-VA-.jpg","jetpack_sharing_enabled":true,"_links":{"self":[{"href":"https:\/\/www.thepilule.com\/es\/wp-json\/wp\/v2\/posts\/4976","targetHints":{"allow":["GET"]}}],"collection":[{"href":"https:\/\/www.thepilule.com\/es\/wp-json\/wp\/v2\/posts"}],"about":[{"href":"https:\/\/www.thepilule.com\/es\/wp-json\/wp\/v2\/types\/post"}],"author":[{"embeddable":true,"href":"https:\/\/www.thepilule.com\/es\/wp-json\/wp\/v2\/users\/1"}],"replies":[{"embeddable":true,"href":"https:\/\/www.thepilule.com\/es\/wp-json\/wp\/v2\/comments?post=4976"}],"version-history":[{"count":1,"href":"https:\/\/www.thepilule.com\/es\/wp-json\/wp\/v2\/posts\/4976\/revisions"}],"predecessor-version":[{"id":4978,"href":"https:\/\/www.thepilule.com\/es\/wp-json\/wp\/v2\/posts\/4976\/revisions\/4978"}],"wp:featuredmedia":[{"embeddable":true,"href":"https:\/\/www.thepilule.com\/es\/wp-json\/wp\/v2\/media\/4970"}],"wp:attachment":[{"href":"https:\/\/www.thepilule.com\/es\/wp-json\/wp\/v2\/media?parent=4976"}],"wp:term":[{"taxonomy":"category","embeddable":true,"href":"https:\/\/www.thepilule.com\/es\/wp-json\/wp\/v2\/categories?post=4976"},{"taxonomy":"post_tag","embeddable":true,"href":"https:\/\/www.thepilule.com\/es\/wp-json\/wp\/v2\/tags?post=4976"}],"curies":[{"name":"wp","href":"https:\/\/api.w.org\/{rel}","templated":true}]}}